{"id":25058,"date":"2022-03-23T14:10:42","date_gmt":"2022-03-23T20:10:42","guid":{"rendered":"https:\/\/encuentroinformativo.com.mx\/?p=25058"},"modified":"2022-03-23T14:10:46","modified_gmt":"2022-03-23T20:10:46","slug":"80-de-veracruzanos-han-sido-vacunados-bienestar","status":"publish","type":"post","link":"https:\/\/encuentroinformativo.com.mx\/?p=25058","title":{"rendered":"80% de veracruzanos han sido vacunados: Bienestar"},"content":{"rendered":"\n<p><strong>Dar\u00edo Pale<\/strong><\/p>\n\n\n\n<p>Xalapa, Ver.- El 81 por ciento de la poblaci\u00f3n en el estado de Veracruz ya cuenta con un esquema completo de vacunaci\u00f3n contra la COVID-19, as\u00ed lo inform\u00f3 el delegado del Bienestar \u00a0Manuel Huerta Ladr\u00f3n de Guevara.<\/p>\n\n\n\n<p>En entrevista se\u00f1al\u00f3 que la entidad se encuentra entre los principales estados que lleva un gran avance en el Plan de vacunaci\u00f3n.<\/p>\n\n\n\n<p>Record\u00f3 que aunque faltan algunos ciudadanos en que se apliquen el refuerzo contra el virus Sars COV-2, ser\u00e1 la pr\u00f3xima semana cuando se lleven la jornada a 50 municipios restantes.<\/p>\n\n\n\n<p>Dio a conocer que quedar\u00e1 pendiente el tema del refuerzo para menores de 15 a 17 a\u00f1os de edad, incluso para aquellas personas que no pudieron aplic\u00e1rselo por haber estado contagiados de COVID o su variante de \u00d3micron.<\/p>\n\n\n\n<p>&#8220;Nos quedan pendientes los de 15 a 17 a\u00f1os con el refuerzo y tambi\u00e9n los que no se lo pudieron aplicar porque estaba enfermos, pero se tendr\u00e1n m\u00e1s jornadas de vacunaci\u00f3n&#8221;, se\u00f1al\u00f3.<\/p>\n\n\n\n<p>Finalmente Manuel Huerta llam\u00f3 una vez m\u00e1s a las y los ciudadanos para que se apliquen la vacuna con la finalidad de que est\u00e9n inmunizadas contra la COVID-19 y su variante.<\/p>\n","protected":false},"excerpt":{"rendered":"<p>Dar\u00edo Pale Xalapa, Ver.- El 81 por ciento de la poblaci\u00f3n en el estado de Veracruz ya cuenta con un esquema completo de vacunaci\u00f3n contra la COVID-19, as\u00ed lo inform\u00f3 el delegado del Bienestar \u00a0Manuel Huerta Ladr\u00f3n de Guevara. En entrevista se\u00f1al\u00f3 que la entidad se encuentra entre los principales estados que lleva un gran [&hellip;]<\/p>\n","protected":false},"author":1,"featured_media":25059,"comment_status":"open","ping_status":"open","sticky":false,"template":"","format":"standard","meta":{"_jetpack_memberships_contains_paid_content":false,"footnotes":""},"categories":[9],"tags":[],"class_list":["post-25058","post","type-post","status-publish","format-standard","has-post-thumbnail","hentry","category-salud"],"jetpack_featured_media_url":"https:\/\/encuentroinformativo.com.mx\/wp-content\/uploads\/2022\/03\/4CB0B6FA-EE67-4BF7-92A2-1577D7F91E68.jpeg","jetpack_sharing_enabled":true,"jetpack_likes_enabled":true,"amp_enabled":true,"_links":{"self":[{"href":"https:\/\/encuentroinformativo.com.mx\/index.php?rest_route=\/wp\/v2\/posts\/25058","targetHints":{"allow":["GET"]}}],"collection":[{"href":"https:\/\/encuentroinformativo.com.mx\/index.php?rest_route=\/wp\/v2\/posts"}],"about":[{"href":"https:\/\/encuentroinformativo.com.mx\/index.php?rest_route=\/wp\/v2\/types\/post"}],"author":[{"embeddable":true,"href":"https:\/\/encuentroinformativo.com.mx\/index.php?rest_route=\/wp\/v2\/users\/1"}],"replies":[{"embeddable":true,"href":"https:\/\/encuentroinformativo.com.mx\/index.php?rest_route=%2Fwp%2Fv2%2Fcomments&post=25058"}],"version-history":[{"count":1,"href":"https:\/\/encuentroinformativo.com.mx\/index.php?rest_route=\/wp\/v2\/posts\/25058\/revisions"}],"predecessor-version":[{"id":25060,"href":"https:\/\/encuentroinformativo.com.mx\/index.php?rest_route=\/wp\/v2\/posts\/25058\/revisions\/25060"}],"wp:featuredmedia":[{"embeddable":true,"href":"https:\/\/encuentroinformativo.com.mx\/index.php?rest_route=\/wp\/v2\/media\/25059"}],"wp:attachment":[{"href":"https:\/\/encuentroinformativo.com.mx\/index.php?rest_route=%2Fwp%2Fv2%2Fmedia&parent=25058"}],"wp:term":[{"taxonomy":"category","embeddable":true,"href":"https:\/\/encuentroinformativo.com.mx\/index.php?rest_route=%2Fwp%2Fv2%2Fcategories&post=25058"},{"taxonomy":"post_tag","embeddable":true,"href":"https:\/\/encuentroinformativo.com.mx\/index.php?rest_route=%2Fwp%2Fv2%2Ftags&post=25058"}],"curies":[{"name":"wp","href":"https:\/\/api.w.org\/{rel}","templated":true}]}}