{"id":25064,"date":"2022-03-23T10:13:15","date_gmt":"2022-03-23T16:13:15","guid":{"rendered":"https:\/\/encuentroinformativo.com.mx\/?p=25064"},"modified":"2022-03-23T14:16:35","modified_gmt":"2022-03-23T20:16:35","slug":"solicitan-detener-hostigamiento-a-transportistas","status":"publish","type":"post","link":"https:\/\/encuentroinformativo.com.mx\/?p=25064","title":{"rendered":"Solicitan detener hostigamiento a transportistas"},"content":{"rendered":"\n<p><strong>Alejandro \u00c1vila<\/strong><\/p>\n\n\n\n<p>Veracruz, Ver.- Los bloqueos carreteros realizados por transportistas este martes son entendibles, debido al hostigamiento que viven diariamente los choferes de camiones de carga en toda la entidad veracruzana, se\u00f1al\u00f3 el Senador, Julen Rementer\u00eda del Puerto.<\/p>\n\n\n\n<p>Seg\u00fan datos de la AMOTAC, 14 de sus compa\u00f1eros han sido asesinados durante los primeros tres meses del 2022.<\/p>\n\n\n\n<p>Ante esto, el legislador veracruzano reconoci\u00f3 qu\u00e9, es prioritario detener el hostigamiento qu\u00e9 hay de la delincuencia organizada en contra de los choferes de transporte de carga.<\/p>\n\n\n\n<p>&#8220;Lo que tenemos que hacer es que pare este hostigamiento, que tiene que ver obviamente con la delincuencia hacia los transportistas, por qu\u00e9 lastima a los choferes, algunos lamentablemente han sido maltratados, algunos han perdido a la vida, han sido asaltados, entonces esto con justa raz\u00f3n puede, no justificarse pero si entenderse la molestia y por supuesto los bloqueos. Ahora lo que tenemos que hacer es resolver la problem\u00e1tica y resolverla pronto&#8221;, resalt\u00f3.<\/p>\n\n\n\n<p>Adem\u00e1s de la inseguridad, los l\u00edderes transportistas qui\u00e9nes se reunieron con el Senador, Julen Rementer\u00eda hace un par de semanas en la ciudad de C\u00f3rdoba, acusan otros problemas como, el alto cobro de los servicios auxiliares de la seguridad vial, el servicio de gr\u00faas, y los permisos que cambian en cada entidad federativa para el tr\u00e1nsito de estos veh\u00edculos.<\/p>\n\n\n\n<p>Rementer\u00eda del Puerto, exhort\u00f3 al ejecutivo estatal, a revisar esta situaci\u00f3n porque en cada estado se cobra lo que quieren, aun cuando a finales del a\u00f1o pasado, tan solo en Veracruz, se emiti\u00f3 un reglamento de la Secretar\u00eda de Seguridad P\u00fablica (SSP), para regular el cobro de arrastre para respetar este acuerdo y no se est\u00e1 respetando.<\/p>\n","protected":false},"excerpt":{"rendered":"<p>Alejandro \u00c1vila Veracruz, Ver.- Los bloqueos carreteros realizados por transportistas este martes son entendibles, debido al hostigamiento que viven diariamente los choferes de camiones de carga en toda la entidad veracruzana, se\u00f1al\u00f3 el Senador, Julen Rementer\u00eda del Puerto. Seg\u00fan datos de la AMOTAC, 14 de sus compa\u00f1eros han sido asesinados durante los primeros tres meses [&hellip;]<\/p>\n","protected":false},"author":1,"featured_media":25065,"comment_status":"open","ping_status":"open","sticky":false,"template":"","format":"standard","meta":{"_jetpack_memberships_contains_paid_content":false,"footnotes":""},"categories":[2],"tags":[],"class_list":["post-25064","post","type-post","status-publish","format-standard","has-post-thumbnail","hentry","category-estado"],"jetpack_featured_media_url":"https:\/\/encuentroinformativo.com.mx\/wp-content\/uploads\/2022\/03\/20D93971-E0BC-43D5-B8C5-BAE74E20231B.jpeg","jetpack_sharing_enabled":true,"jetpack_likes_enabled":true,"amp_enabled":true,"_links":{"self":[{"href":"https:\/\/encuentroinformativo.com.mx\/index.php?rest_route=\/wp\/v2\/posts\/25064","targetHints":{"allow":["GET"]}}],"collection":[{"href":"https:\/\/encuentroinformativo.com.mx\/index.php?rest_route=\/wp\/v2\/posts"}],"about":[{"href":"https:\/\/encuentroinformativo.com.mx\/index.php?rest_route=\/wp\/v2\/types\/post"}],"author":[{"embeddable":true,"href":"https:\/\/encuentroinformativo.com.mx\/index.php?rest_route=\/wp\/v2\/users\/1"}],"replies":[{"embeddable":true,"href":"https:\/\/encuentroinformativo.com.mx\/index.php?rest_route=%2Fwp%2Fv2%2Fcomments&post=25064"}],"version-history":[{"count":1,"href":"https:\/\/encuentroinformativo.com.mx\/index.php?rest_route=\/wp\/v2\/posts\/25064\/revisions"}],"predecessor-version":[{"id":25066,"href":"https:\/\/encuentroinformativo.com.mx\/index.php?rest_route=\/wp\/v2\/posts\/25064\/revisions\/25066"}],"wp:featuredmedia":[{"embeddable":true,"href":"https:\/\/encuentroinformativo.com.mx\/index.php?rest_route=\/wp\/v2\/media\/25065"}],"wp:attachment":[{"href":"https:\/\/encuentroinformativo.com.mx\/index.php?rest_route=%2Fwp%2Fv2%2Fmedia&parent=25064"}],"wp:term":[{"taxonomy":"category","embeddable":true,"href":"https:\/\/encuentroinformativo.com.mx\/index.php?rest_route=%2Fwp%2Fv2%2Fcategories&post=25064"},{"taxonomy":"post_tag","embeddable":true,"href":"https:\/\/encuentroinformativo.com.mx\/index.php?rest_route=%2Fwp%2Fv2%2Ftags&post=25064"}],"curies":[{"name":"wp","href":"https:\/\/api.w.org\/{rel}","templated":true}]}}