{"id":25067,"date":"2022-03-23T14:21:38","date_gmt":"2022-03-23T20:21:38","guid":{"rendered":"https:\/\/encuentroinformativo.com.mx\/?p=25067"},"modified":"2022-03-23T14:21:42","modified_gmt":"2022-03-23T20:21:42","slug":"por-semana-santa-refuerzan-operativos-en-playas-de-actopan","status":"publish","type":"post","link":"https:\/\/encuentroinformativo.com.mx\/?p=25067","title":{"rendered":"Por Semana Santa, refuerzan operativos en playas de Actopan"},"content":{"rendered":"\n<p><strong>Juan Arcos <\/strong><\/p>\n\n\n\n<p>Actopan, Ver.- La alcaldesa de Actopan, Mar\u00eda Esther L\u00f3pez Callejas, indic\u00f3 que se han reforzado los mecanismos de Protecci\u00f3n Civil y Seguridad P\u00fablica en playas de este municipio para la temporada vacacional de Semana Santa.<\/p>\n\n\n\n<p>La edil destac\u00f3 que la unidad municipal de Protecci\u00f3n Civil trabajar\u00e1 de manera coordinada con la Secretar\u00eda de Protecci\u00f3n Civil, brindar todas las atenciones que se requieran durante el arribo de visitantes.<\/p>\n\n\n\n<p>Detall\u00f3 que su administraci\u00f3n recibir\u00e1 esta semana una nueva ambulancia, que se sumar\u00e1 a la que ya estaba en el ayuntamiento, para que ambas den cobertura en los dos puntos tur\u00edsticos m\u00e1s representativos de la zona: las playas La Mancha y Villa Rica.<\/p>\n\n\n\n<p>\u201cNosotros recibimos solamente una ambulancia y ya ahorita la semana entrante tenemos nuestra ambulancia para que est\u00e9n situadas en las dos playas que son las dos playas m\u00e1s concurridas, necesit\u00e1bamos estar preparados y ya estamos preparados\u201d, expres\u00f3.<\/p>\n\n\n\n<p>La Alcaldesa indic\u00f3 que tambi\u00e9n se prepara un protocolo de seguridad en ambas zonas tur\u00edsticas y ser\u00e1 el instalado un m\u00f3dulo de atenci\u00f3n de la Polic\u00eda Municipal, cerca de las Platas mencionadas.<\/p>\n\n\n\n<p>\u201cVamos a hacer un m\u00f3dulo de seguridad en medio de las dos playas, pero las unidades van a estar ah\u00ed\u201d, a\u00f1adi\u00f3.<\/p>\n\n\n\n<p>L\u00f3pez Callejas enfatiz\u00f3 que ya iniciaron los trabajos de limpieza de ambas playas con la finalidad de tenerlas listas para la llegada de miles de visitantes desde los primeros d\u00edas del mes de abril.<\/p>\n\n\n\n<p>\u201cEstamos trabajando en la limpieza de las playas vamos a estar en adelante yendo a capacitar a los prestadores de servicios tur\u00edsticos, que ya empezaron su primera capacitaci\u00f3n y estamos comprometidos\u201d, remat\u00f3.<\/p>\n","protected":false},"excerpt":{"rendered":"<p>Juan Arcos Actopan, Ver.- La alcaldesa de Actopan, Mar\u00eda Esther L\u00f3pez Callejas, indic\u00f3 que se han reforzado los mecanismos de Protecci\u00f3n Civil y Seguridad P\u00fablica en playas de este municipio para la temporada vacacional de Semana Santa. La edil destac\u00f3 que la unidad municipal de Protecci\u00f3n Civil trabajar\u00e1 de manera coordinada con la Secretar\u00eda de [&hellip;]<\/p>\n","protected":false},"author":1,"featured_media":25068,"comment_status":"open","ping_status":"open","sticky":false,"template":"","format":"standard","meta":{"_jetpack_memberships_contains_paid_content":false,"footnotes":""},"categories":[8],"tags":[],"class_list":["post-25067","post","type-post","status-publish","format-standard","has-post-thumbnail","hentry","category-region"],"jetpack_featured_media_url":"https:\/\/encuentroinformativo.com.mx\/wp-content\/uploads\/2022\/03\/B56DDA1F-F109-4FDB-B0F0-028A47DED35D.jpeg","jetpack_sharing_enabled":true,"jetpack_likes_enabled":true,"amp_enabled":true,"_links":{"self":[{"href":"https:\/\/encuentroinformativo.com.mx\/index.php?rest_route=\/wp\/v2\/posts\/25067","targetHints":{"allow":["GET"]}}],"collection":[{"href":"https:\/\/encuentroinformativo.com.mx\/index.php?rest_route=\/wp\/v2\/posts"}],"about":[{"href":"https:\/\/encuentroinformativo.com.mx\/index.php?rest_route=\/wp\/v2\/types\/post"}],"author":[{"embeddable":true,"href":"https:\/\/encuentroinformativo.com.mx\/index.php?rest_route=\/wp\/v2\/users\/1"}],"replies":[{"embeddable":true,"href":"https:\/\/encuentroinformativo.com.mx\/index.php?rest_route=%2Fwp%2Fv2%2Fcomments&post=25067"}],"version-history":[{"count":1,"href":"https:\/\/encuentroinformativo.com.mx\/index.php?rest_route=\/wp\/v2\/posts\/25067\/revisions"}],"predecessor-version":[{"id":25069,"href":"https:\/\/encuentroinformativo.com.mx\/index.php?rest_route=\/wp\/v2\/posts\/25067\/revisions\/25069"}],"wp:featuredmedia":[{"embeddable":true,"href":"https:\/\/encuentroinformativo.com.mx\/index.php?rest_route=\/wp\/v2\/media\/25068"}],"wp:attachment":[{"href":"https:\/\/encuentroinformativo.com.mx\/index.php?rest_route=%2Fwp%2Fv2%2Fmedia&parent=25067"}],"wp:term":[{"taxonomy":"category","embeddable":true,"href":"https:\/\/encuentroinformativo.com.mx\/index.php?rest_route=%2Fwp%2Fv2%2Fcategories&post=25067"},{"taxonomy":"post_tag","embeddable":true,"href":"https:\/\/encuentroinformativo.com.mx\/index.php?rest_route=%2Fwp%2Fv2%2Ftags&post=25067"}],"curies":[{"name":"wp","href":"https:\/\/api.w.org\/{rel}","templated":true}]}}