{"id":2508,"date":"2020-05-13T15:58:54","date_gmt":"2020-05-13T20:58:54","guid":{"rendered":"https:\/\/encuentroinformativo.com\/?p=2508"},"modified":"2020-05-13T15:58:56","modified_gmt":"2020-05-13T20:58:56","slug":"docentes-pierden-comunicacion-con-padres-para-clases-en-linea","status":"publish","type":"post","link":"https:\/\/encuentroinformativo.com.mx\/?p=2508","title":{"rendered":"Docentes pierden comunicaci\u00f3n con padres para clases en l\u00ednea"},"content":{"rendered":"\n<p><strong>Juan Arcos<\/strong><\/p>\n\n\n\n<p>Xalapa, Ver.- Docentes de la entidad veracruzana han perdido comunicaci\u00f3n con madres y padres de familia para continuar con las clases en l\u00ednea, durante esta contingencia sanitaria por coronavirus.<\/p>\n\n\n\n<p>H\u00e9ctor L\u00f3pez Fern\u00e1ndez, profesor de m\u00fasica en el jard\u00edn de ni\u00f1os \u201cJuan Escutia\u201d del municipio de Perote, indic\u00f3 que ha sido dif\u00edcil la retroalimentaci\u00f3n con los pap\u00e1s para que los estudiantes accedan a los programas acad\u00e9micos.<\/p>\n\n\n\n<p>El entrevistado indic\u00f3 que el programa \u201cAprende en casa\u201d es positivo pero se requiere del inter\u00e9s y la participaci\u00f3n de padres de familia.<\/p>\n\n\n\n<p>A\u00f1adi\u00f3 que las mam\u00e1s y los pap\u00e1s tienen que cumplir con su horario laboral desde casa y, por ello, es complicado que los alumnos avancen en sus clases.<\/p>\n\n\n\n<p>\u201cMandarles a los pap\u00e1s una planeaci\u00f3n es dif\u00edcil para ellos por su trabajo, por su tiempo y otros hijos\u201d.<\/p>\n\n\n\n<p>L\u00f3pez Fern\u00e1ndez refiri\u00f3 que las madres y padres de familia que carecen de medios electr\u00f3nicos o internet no pueden acceder a las clases, lo que generar\u00eda un atraso acad\u00e9mico en las ni\u00f1as y ni\u00f1os.<\/p>\n\n\n\n<p>\u201cNo se sabe c\u00f3mo est\u00e1n trabajando las personas que no tienen internet, audio o video. A estas alturas hay pap\u00e1s que han dejado de comunicarse, algunos porque no tienen los medios y otros porque han perdido su trabajo\u201d.<\/p>\n\n\n\n<p>Cabe mencionar que el titular de la Secretar\u00eda de Educaci\u00f3n P\u00fablica (SEP), Esteban Moctezuma Barrag\u00e1n, record\u00f3 que la autoridad sanitaria hab\u00eda dado como referencia el 1 de junio para el regreso clases; sin embargo, esto podr\u00eda aplazarse si no es seguro para ni\u00f1as, ni\u00f1os y la comunidad escolar.<\/p>\n\n\n\n<p><\/p>\n","protected":false},"excerpt":{"rendered":"<p>Juan Arcos Xalapa, Ver.- Docentes de la entidad veracruzana han perdido comunicaci\u00f3n con madres y padres de familia para continuar con las clases en l\u00ednea, durante esta contingencia sanitaria por coronavirus. H\u00e9ctor L\u00f3pez Fern\u00e1ndez, profesor de m\u00fasica en el jard\u00edn de ni\u00f1os \u201cJuan Escutia\u201d del municipio de Perote, indic\u00f3 que ha sido dif\u00edcil la retroalimentaci\u00f3n [&hellip;]<\/p>\n","protected":false},"author":1,"featured_media":2509,"comment_status":"open","ping_status":"open","sticky":false,"template":"","format":"standard","meta":{"_jetpack_memberships_contains_paid_content":false,"footnotes":""},"categories":[2],"tags":[],"class_list":["post-2508","post","type-post","status-publish","format-standard","has-post-thumbnail","hentry","category-estado"],"jetpack_featured_media_url":"https:\/\/encuentroinformativo.com.mx\/wp-content\/uploads\/2020\/05\/E2986B1E-0539-4EA6-AEFC-8A8F4D876604.jpeg","jetpack_sharing_enabled":true,"jetpack_likes_enabled":true,"amp_enabled":true,"_links":{"self":[{"href":"https:\/\/encuentroinformativo.com.mx\/index.php?rest_route=\/wp\/v2\/posts\/2508","targetHints":{"allow":["GET"]}}],"collection":[{"href":"https:\/\/encuentroinformativo.com.mx\/index.php?rest_route=\/wp\/v2\/posts"}],"about":[{"href":"https:\/\/encuentroinformativo.com.mx\/index.php?rest_route=\/wp\/v2\/types\/post"}],"author":[{"embeddable":true,"href":"https:\/\/encuentroinformativo.com.mx\/index.php?rest_route=\/wp\/v2\/users\/1"}],"replies":[{"embeddable":true,"href":"https:\/\/encuentroinformativo.com.mx\/index.php?rest_route=%2Fwp%2Fv2%2Fcomments&post=2508"}],"version-history":[{"count":1,"href":"https:\/\/encuentroinformativo.com.mx\/index.php?rest_route=\/wp\/v2\/posts\/2508\/revisions"}],"predecessor-version":[{"id":2510,"href":"https:\/\/encuentroinformativo.com.mx\/index.php?rest_route=\/wp\/v2\/posts\/2508\/revisions\/2510"}],"wp:featuredmedia":[{"embeddable":true,"href":"https:\/\/encuentroinformativo.com.mx\/index.php?rest_route=\/wp\/v2\/media\/2509"}],"wp:attachment":[{"href":"https:\/\/encuentroinformativo.com.mx\/index.php?rest_route=%2Fwp%2Fv2%2Fmedia&parent=2508"}],"wp:term":[{"taxonomy":"category","embeddable":true,"href":"https:\/\/encuentroinformativo.com.mx\/index.php?rest_route=%2Fwp%2Fv2%2Fcategories&post=2508"},{"taxonomy":"post_tag","embeddable":true,"href":"https:\/\/encuentroinformativo.com.mx\/index.php?rest_route=%2Fwp%2Fv2%2Ftags&post=2508"}],"curies":[{"name":"wp","href":"https:\/\/api.w.org\/{rel}","templated":true}]}}