{"id":25080,"date":"2022-03-23T15:44:19","date_gmt":"2022-03-23T21:44:19","guid":{"rendered":"https:\/\/encuentroinformativo.com.mx\/?p=25080"},"modified":"2022-03-23T15:44:23","modified_gmt":"2022-03-23T21:44:23","slug":"confian-hoteleros-en-repunte-de-30-en-semana-santa","status":"publish","type":"post","link":"https:\/\/encuentroinformativo.com.mx\/?p=25080","title":{"rendered":"Conf\u00edan hoteleros en repunte de 30% en Semana Santa"},"content":{"rendered":"\n<p><strong>Juan Arcos <\/strong><\/p>\n\n\n\n<p>Xalapa, Ver.- Hoteleros de Xalapa y la regi\u00f3n esperan un repunte del 30 por ciento en la ocupaci\u00f3n durante el periodo vacacional de Semana Santa.<\/p>\n\n\n\n<p>De acuerdo con Manuel Ramos, secretario de la Asociaci\u00f3n de Hoteles y Moteles de Xalapa y la Regi\u00f3n, la pandemia por Sars-Cov2 (Covid-19) ocasion\u00f3 una disminuci\u00f3n en la ocupaci\u00f3n de entre 50 y 60 por ciento.<\/p>\n\n\n\n<p>\u201cHa estado muy bajo, casi no ha habido eventos, no ha habido ocupaci\u00f3n, no te puedo decir una cifra exacta pero s\u00ed te puedo decir que con la pandemia nos ha bajado un 50 o 60 por ciento la ocupaci\u00f3n\u201d, enfatiz\u00f3.<\/p>\n\n\n\n<p>A\u00f1adi\u00f3 que han faltado actividades para la promoci\u00f3n de Xalapa y la regi\u00f3n como un destino tur\u00edstico.<\/p>\n\n\n\n<p>\u201cSeg\u00fan lo que se plantea, esperamos, cuando menos, un 25 o 30 por ciento de repunte (en la ocupaci\u00f3n hotelera)\u201d, expres\u00f3.<\/p>\n\n\n\n<p>En ese sentido, mencion\u00f3 que los eventos como el Festival Internacional de la Orqu\u00eddea, que se llevar\u00e1 a cabo en Coatepec del 7 al 15 de abril, permiten reactivar el turismo en la regi\u00f3n.<\/p>\n\n\n\n<p>\u201cNos estamos poniendo de acuerdo con promociones en la p\u00e1gina del <em>Facebook<\/em> de la asociaci\u00f3n de hoteles informaremos qu\u00e9 hoteles tienen ahorita promoci\u00f3n, un convenio con el festival de la orqu\u00eddea para dar el 15 por ciento de descuento\u201d, remat\u00f3.<\/p>\n","protected":false},"excerpt":{"rendered":"<p>Juan Arcos Xalapa, Ver.- Hoteleros de Xalapa y la regi\u00f3n esperan un repunte del 30 por ciento en la ocupaci\u00f3n durante el periodo vacacional de Semana Santa. De acuerdo con Manuel Ramos, secretario de la Asociaci\u00f3n de Hoteles y Moteles de Xalapa y la Regi\u00f3n, la pandemia por Sars-Cov2 (Covid-19) ocasion\u00f3 una disminuci\u00f3n en la [&hellip;]<\/p>\n","protected":false},"author":1,"featured_media":25081,"comment_status":"open","ping_status":"open","sticky":false,"template":"","format":"standard","meta":{"_jetpack_memberships_contains_paid_content":false,"footnotes":""},"categories":[3],"tags":[],"class_list":["post-25080","post","type-post","status-publish","format-standard","has-post-thumbnail","hentry","category-xalapa"],"jetpack_featured_media_url":"https:\/\/encuentroinformativo.com.mx\/wp-content\/uploads\/2022\/03\/46C974FF-1795-4977-98D3-156ED7347407.jpeg","jetpack_sharing_enabled":true,"jetpack_likes_enabled":true,"amp_enabled":true,"_links":{"self":[{"href":"https:\/\/encuentroinformativo.com.mx\/index.php?rest_route=\/wp\/v2\/posts\/25080","targetHints":{"allow":["GET"]}}],"collection":[{"href":"https:\/\/encuentroinformativo.com.mx\/index.php?rest_route=\/wp\/v2\/posts"}],"about":[{"href":"https:\/\/encuentroinformativo.com.mx\/index.php?rest_route=\/wp\/v2\/types\/post"}],"author":[{"embeddable":true,"href":"https:\/\/encuentroinformativo.com.mx\/index.php?rest_route=\/wp\/v2\/users\/1"}],"replies":[{"embeddable":true,"href":"https:\/\/encuentroinformativo.com.mx\/index.php?rest_route=%2Fwp%2Fv2%2Fcomments&post=25080"}],"version-history":[{"count":1,"href":"https:\/\/encuentroinformativo.com.mx\/index.php?rest_route=\/wp\/v2\/posts\/25080\/revisions"}],"predecessor-version":[{"id":25082,"href":"https:\/\/encuentroinformativo.com.mx\/index.php?rest_route=\/wp\/v2\/posts\/25080\/revisions\/25082"}],"wp:featuredmedia":[{"embeddable":true,"href":"https:\/\/encuentroinformativo.com.mx\/index.php?rest_route=\/wp\/v2\/media\/25081"}],"wp:attachment":[{"href":"https:\/\/encuentroinformativo.com.mx\/index.php?rest_route=%2Fwp%2Fv2%2Fmedia&parent=25080"}],"wp:term":[{"taxonomy":"category","embeddable":true,"href":"https:\/\/encuentroinformativo.com.mx\/index.php?rest_route=%2Fwp%2Fv2%2Fcategories&post=25080"},{"taxonomy":"post_tag","embeddable":true,"href":"https:\/\/encuentroinformativo.com.mx\/index.php?rest_route=%2Fwp%2Fv2%2Ftags&post=25080"}],"curies":[{"name":"wp","href":"https:\/\/api.w.org\/{rel}","templated":true}]}}