{"id":25083,"date":"2022-03-23T16:56:15","date_gmt":"2022-03-23T22:56:15","guid":{"rendered":"https:\/\/encuentroinformativo.com.mx\/?p=25083"},"modified":"2022-03-23T16:56:19","modified_gmt":"2022-03-23T22:56:19","slug":"ambiente-calido-regresara-para-fin-de-semana-spc","status":"publish","type":"post","link":"https:\/\/encuentroinformativo.com.mx\/?p=25083","title":{"rendered":"Ambiente c\u00e1lido regresar\u00e1 para fin de semana: SPC"},"content":{"rendered":"\n<p><strong>Dar\u00edo Pale<\/strong><\/p>\n\n\n\n<p>Xalapa, Ver.- El Meteor\u00f3logo de la Secretar\u00eda de Protecci\u00f3n Civil (SPC), Emanuel Eleazar G\u00f3mez, inform\u00f3 que se activ\u00f3 el Aviso Especial para la entidad, pues habr\u00e1 evento de norte en todo el territorio, el cual traer\u00e1 lluvias y fr\u00edo, hoy y ma\u00f1ana, pero el fin de semana estar\u00e1 soleado.<\/p>\n\n\n\n<p>En entrevista dio a conocer que con el paso del Frente Fr\u00edo n\u00famero 38, se espera que este mi\u00e9rcoles y jueves haya descenso de temperatura en toda la entidad, principalmente en la zona monta\u00f1osa.<\/p>\n\n\n\n<p>Estas condiciones se mantendr\u00e1n en toda la entidad por varias horas, incluso las rachas de viento de 75 kil\u00f3metros por hora, podr\u00edan provocar en las zonas de Costa un oleaje elevado.<\/p>\n\n\n\n<p>\u201cHoy y ma\u00f1ana vamos a continuar bajo los efectos del Frente Fr\u00edo 38 que actualmente cruza el sur del estado de Veracruz y su masa de aire fr\u00edo por detr\u00e1s de este, favoreciendo tiempo nublado, con nieblas, lloviznas y lluvias en la mayor parte de la entidad&#8221;, inform\u00f3.<\/p>\n\n\n\n<p>&#8220;Principalmente en regiones de monta\u00f1a y la regi\u00f3n sur del estado, durante esta jornada viento del norte con rachas de 60 a 75 kil\u00f3metros por hora en costas del centro y sur del estado; va a mantener oleaje algo elevado cercano al litoral, con un descenso de temperatura en territorio veracruzanos\u201d, agreg\u00f3.<\/p>\n\n\n\n<p>Sin embargo, a partir del viernes las condiciones van a mejorar, habr\u00e1 un ambiente m\u00e1s c\u00e1lido, pues habr\u00e1 periodos de sol prolongados.<\/p>\n\n\n\n<p>Finalmente coment\u00f3 que, \u201cdel viernes, hacia el fin de semana, esperamos tiempo estable, cada d\u00eda con periodos de sol m\u00e1s importantes, ambiente diurno m\u00e1s c\u00e1lido, sin embargo, noches y madrugadas con ambiente de fresco a fr\u00edo y algunas heladas en las zonas de mayor elevaci\u00f3n\u201d.<\/p>\n","protected":false},"excerpt":{"rendered":"<p>Dar\u00edo Pale Xalapa, Ver.- El Meteor\u00f3logo de la Secretar\u00eda de Protecci\u00f3n Civil (SPC), Emanuel Eleazar G\u00f3mez, inform\u00f3 que se activ\u00f3 el Aviso Especial para la entidad, pues habr\u00e1 evento de norte en todo el territorio, el cual traer\u00e1 lluvias y fr\u00edo, hoy y ma\u00f1ana, pero el fin de semana estar\u00e1 soleado. En entrevista dio a [&hellip;]<\/p>\n","protected":false},"author":1,"featured_media":25084,"comment_status":"open","ping_status":"open","sticky":false,"template":"","format":"standard","meta":{"_jetpack_memberships_contains_paid_content":false,"footnotes":""},"categories":[2],"tags":[],"class_list":["post-25083","post","type-post","status-publish","format-standard","has-post-thumbnail","hentry","category-estado"],"jetpack_featured_media_url":"https:\/\/encuentroinformativo.com.mx\/wp-content\/uploads\/2022\/03\/4089D0D7-A7BC-48D7-B9D3-51F09AF681EE.jpeg","jetpack_sharing_enabled":true,"jetpack_likes_enabled":true,"amp_enabled":true,"_links":{"self":[{"href":"https:\/\/encuentroinformativo.com.mx\/index.php?rest_route=\/wp\/v2\/posts\/25083","targetHints":{"allow":["GET"]}}],"collection":[{"href":"https:\/\/encuentroinformativo.com.mx\/index.php?rest_route=\/wp\/v2\/posts"}],"about":[{"href":"https:\/\/encuentroinformativo.com.mx\/index.php?rest_route=\/wp\/v2\/types\/post"}],"author":[{"embeddable":true,"href":"https:\/\/encuentroinformativo.com.mx\/index.php?rest_route=\/wp\/v2\/users\/1"}],"replies":[{"embeddable":true,"href":"https:\/\/encuentroinformativo.com.mx\/index.php?rest_route=%2Fwp%2Fv2%2Fcomments&post=25083"}],"version-history":[{"count":1,"href":"https:\/\/encuentroinformativo.com.mx\/index.php?rest_route=\/wp\/v2\/posts\/25083\/revisions"}],"predecessor-version":[{"id":25085,"href":"https:\/\/encuentroinformativo.com.mx\/index.php?rest_route=\/wp\/v2\/posts\/25083\/revisions\/25085"}],"wp:featuredmedia":[{"embeddable":true,"href":"https:\/\/encuentroinformativo.com.mx\/index.php?rest_route=\/wp\/v2\/media\/25084"}],"wp:attachment":[{"href":"https:\/\/encuentroinformativo.com.mx\/index.php?rest_route=%2Fwp%2Fv2%2Fmedia&parent=25083"}],"wp:term":[{"taxonomy":"category","embeddable":true,"href":"https:\/\/encuentroinformativo.com.mx\/index.php?rest_route=%2Fwp%2Fv2%2Fcategories&post=25083"},{"taxonomy":"post_tag","embeddable":true,"href":"https:\/\/encuentroinformativo.com.mx\/index.php?rest_route=%2Fwp%2Fv2%2Ftags&post=25083"}],"curies":[{"name":"wp","href":"https:\/\/api.w.org\/{rel}","templated":true}]}}