{"id":25092,"date":"2022-03-23T20:13:12","date_gmt":"2022-03-24T02:13:12","guid":{"rendered":"https:\/\/encuentroinformativo.com.mx\/?p=25092"},"modified":"2022-03-23T20:13:15","modified_gmt":"2022-03-24T02:13:15","slug":"por-presunta-balacera-cierran-avenida-en-tarimoya","status":"publish","type":"post","link":"https:\/\/encuentroinformativo.com.mx\/?p=25092","title":{"rendered":"Por presunta balacera cierran avenida en Tarimoya"},"content":{"rendered":"\n<p><strong>Alejandro \u00c1vila<\/strong><\/p>\n\n\n\n<p>Veracruz, Ver.- Intenso operativo policial se realiz\u00f3 la noche de este mi\u00e9rcoles sobre la Reserva Tarimoya, al poniente de la ciudad y Puerto de Veracruz, por una presunta balacera.<\/p>\n\n\n\n<p>Elementos de la Polic\u00eda Naval y de la Secretar\u00eda de Seguridad P\u00fablica (SSP) acordonaron la avenida \u00darsulo Galv\u00e1n, cerca de la laguna de Tarimoya, lugar donde se aseguraron dos veh\u00edculos.<\/p>\n\n\n\n<p>Vecinos del lugar fueron quienes alertaron llamando al n\u00famero de emergencia 911, sobre supuestas detonaciones escuchadas por la zona, motivo por el cual se dispuso un operativo desplegado por la Polic\u00eda Naval y la Secretar\u00eda de Seguridad P\u00fablica para resguardar el \u00e1rea.<\/p>\n\n\n\n<p>Elementos de la Polic\u00eda Ministerial realizaron las diligencias pertinentes para abundar m\u00e1s sobre los hechos denunciados, hasta el momento no se ha dado una versi\u00f3n oficial sobre la presunta balacera ocurrida en la zona.<\/p>\n\n\n\n<p>Hasta el momento no se han reportado personas detenidas en la zona.<\/p>\n","protected":false},"excerpt":{"rendered":"<p>Alejandro \u00c1vila Veracruz, Ver.- Intenso operativo policial se realiz\u00f3 la noche de este mi\u00e9rcoles sobre la Reserva Tarimoya, al poniente de la ciudad y Puerto de Veracruz, por una presunta balacera. Elementos de la Polic\u00eda Naval y de la Secretar\u00eda de Seguridad P\u00fablica (SSP) acordonaron la avenida \u00darsulo Galv\u00e1n, cerca de la laguna de Tarimoya, [&hellip;]<\/p>\n","protected":false},"author":1,"featured_media":25093,"comment_status":"open","ping_status":"open","sticky":false,"template":"","format":"standard","meta":{"_jetpack_memberships_contains_paid_content":false,"footnotes":""},"categories":[14],"tags":[],"class_list":["post-25092","post","type-post","status-publish","format-standard","has-post-thumbnail","hentry","category-policiaca"],"jetpack_featured_media_url":"https:\/\/encuentroinformativo.com.mx\/wp-content\/uploads\/2022\/03\/4AB120AD-D9EB-4D3A-951C-082AFC04A1FA.jpeg","jetpack_sharing_enabled":true,"jetpack_likes_enabled":true,"amp_enabled":true,"_links":{"self":[{"href":"https:\/\/encuentroinformativo.com.mx\/index.php?rest_route=\/wp\/v2\/posts\/25092","targetHints":{"allow":["GET"]}}],"collection":[{"href":"https:\/\/encuentroinformativo.com.mx\/index.php?rest_route=\/wp\/v2\/posts"}],"about":[{"href":"https:\/\/encuentroinformativo.com.mx\/index.php?rest_route=\/wp\/v2\/types\/post"}],"author":[{"embeddable":true,"href":"https:\/\/encuentroinformativo.com.mx\/index.php?rest_route=\/wp\/v2\/users\/1"}],"replies":[{"embeddable":true,"href":"https:\/\/encuentroinformativo.com.mx\/index.php?rest_route=%2Fwp%2Fv2%2Fcomments&post=25092"}],"version-history":[{"count":1,"href":"https:\/\/encuentroinformativo.com.mx\/index.php?rest_route=\/wp\/v2\/posts\/25092\/revisions"}],"predecessor-version":[{"id":25094,"href":"https:\/\/encuentroinformativo.com.mx\/index.php?rest_route=\/wp\/v2\/posts\/25092\/revisions\/25094"}],"wp:featuredmedia":[{"embeddable":true,"href":"https:\/\/encuentroinformativo.com.mx\/index.php?rest_route=\/wp\/v2\/media\/25093"}],"wp:attachment":[{"href":"https:\/\/encuentroinformativo.com.mx\/index.php?rest_route=%2Fwp%2Fv2%2Fmedia&parent=25092"}],"wp:term":[{"taxonomy":"category","embeddable":true,"href":"https:\/\/encuentroinformativo.com.mx\/index.php?rest_route=%2Fwp%2Fv2%2Fcategories&post=25092"},{"taxonomy":"post_tag","embeddable":true,"href":"https:\/\/encuentroinformativo.com.mx\/index.php?rest_route=%2Fwp%2Fv2%2Ftags&post=25092"}],"curies":[{"name":"wp","href":"https:\/\/api.w.org\/{rel}","templated":true}]}}