{"id":2511,"date":"2020-05-13T16:21:51","date_gmt":"2020-05-13T21:21:51","guid":{"rendered":"https:\/\/encuentroinformativo.com\/?p=2511"},"modified":"2020-05-13T16:21:53","modified_gmt":"2020-05-13T21:21:53","slug":"entidades-deberan-estar-en-verde-para-reanudar-clases-senala-sep","status":"publish","type":"post","link":"https:\/\/encuentroinformativo.com.mx\/?p=2511","title":{"rendered":"Entidades deber\u00e1n estar en \u201cverde\u201d para reanudar clases, se\u00f1ala SEP"},"content":{"rendered":"\n<p><strong>Dar\u00edo Pale <\/strong><\/p>\n\n\n\n<p>Xalapa, Ver.- Esteban Moctezuma Barrag\u00e1n, Secretario de Educaci\u00f3n P\u00fablica ((SEP), inform\u00f3 que el ciclo escolar no reiniciar\u00e1 en municipios y estados del pa\u00eds en tanto uno de los cuatro sem\u00e1foros dados a conocer por el gobierno federal no est\u00e9 en verde.<\/p>\n\n\n\n<p>Indic\u00f3 que los colores que indicar\u00e1n el nivel de casos de contagio son rojo, naranja, amarillo y verde y que s\u00f3lo los municipios y entidades en verde podr\u00e1n volver a las clases. A\u00fan en la fase de sem\u00e1foro verde habr\u00e1 restricciones y se deber\u00e1n tomar medidas para evitar un rebrote de contagio del Sars-Cov-2, que ocasiona la enfermedad de Covid-19.<\/p>\n\n\n\n<p>De acuerdo con el sistema de sem\u00e1foros dado a conocer por el gobierno federal, Veracruz se encuentra en color naranja.<\/p>\n\n\n\n<p>\u201cNo vamos a regresar a clases sino hasta que sea seguro para nuestras ni\u00f1as, ni\u00f1os y la comunidad escolar; lo que nos indica la autoridad sanitaria es que s\u00f3lo abriremos (las escuelas) en sem\u00e1foro verde\u201d, dio a conocer el funcionario federal.<\/p>\n\n\n\n<p>Indic\u00f3 que si algo ha hecho evidente el Covid-19 es la gran desigualdad y diversidad de M\u00e9xico y que ante ello, desde que el presidente env\u00edo la iniciativa de reformas educativas a la Constituci\u00f3n, qued\u00f3 asentada la necesidad de definir pol\u00edticas diferenciadas de acuerdo con las regiones, con culturas y realidades distintas del pa\u00eds y que as\u00ed ser\u00e1 y as\u00ed debe de ser el retorno a la escuela.<\/p>\n\n\n\n<p>Esteban Moctezuma Barrag\u00e1n refiri\u00f3 que \u201cAprende en casa\u201d es seguido por ocho de cada 10 maestras y maestros y por nueve de cada 10 alumnos, de manera que se est\u00e1 trabajando en casa. Adem\u00e1s, se\u00f1al\u00f3, el ciclo escolar 2019-2020 est\u00e1 asegurado.<\/p>\n\n\n\n<p>\u201cComo lo hemos expresado en anteriores ocasiones, al inicio de esta Jornada Nacional de Sana Distancia ya se hab\u00edan cursado entre el 73% y el 80% de los contenidos educativos correspondientes al ciclo en curso\u201d, afirm\u00f3.<\/p>\n\n\n\n<p>Finalmente Esteban Moctezuma Barrag\u00e1n expres\u00f3 que cuando sea oportuno se cerrar\u00e1 el ciclo escolar con una etapa presencial de evaluaci\u00f3n diagnosis de los ni\u00f1os y ni\u00f1as en cuanto a sus conocimientos, de planeaci\u00f3n en un esfuerzo por remediar para el pr\u00f3ximo ciclo escolar.<\/p>\n\n\n\n<p>\u201cNo bajemos la guardia, la salud de nuestros ni\u00f1os, ni\u00f1as, adolescentes y j\u00f3venes es lo m\u00e1s importante, su educaci\u00f3n est\u00e1 asegurada y por ello estamos trabajando y por lo tanto nuestro empe\u00f1o y dedicaci\u00f3n\u201d, apunt\u00f3 el secretario de Educaci\u00f3n P\u00fablica.<\/p>\n\n\n\n<p><\/p>\n","protected":false},"excerpt":{"rendered":"<p>Dar\u00edo Pale Xalapa, Ver.- Esteban Moctezuma Barrag\u00e1n, Secretario de Educaci\u00f3n P\u00fablica ((SEP), inform\u00f3 que el ciclo escolar no reiniciar\u00e1 en municipios y estados del pa\u00eds en tanto uno de los cuatro sem\u00e1foros dados a conocer por el gobierno federal no est\u00e9 en verde. Indic\u00f3 que los colores que indicar\u00e1n el nivel de casos de contagio [&hellip;]<\/p>\n","protected":false},"author":1,"featured_media":2512,"comment_status":"open","ping_status":"open","sticky":false,"template":"","format":"standard","meta":{"_jetpack_memberships_contains_paid_content":false,"footnotes":""},"categories":[12],"tags":[],"class_list":["post-2511","post","type-post","status-publish","format-standard","has-post-thumbnail","hentry","category-nacional"],"jetpack_featured_media_url":"https:\/\/encuentroinformativo.com.mx\/wp-content\/uploads\/2020\/05\/6A75463C-CE86-4193-B1DC-C90C0693702A.jpeg","jetpack_sharing_enabled":true,"jetpack_likes_enabled":true,"amp_enabled":true,"_links":{"self":[{"href":"https:\/\/encuentroinformativo.com.mx\/index.php?rest_route=\/wp\/v2\/posts\/2511","targetHints":{"allow":["GET"]}}],"collection":[{"href":"https:\/\/encuentroinformativo.com.mx\/index.php?rest_route=\/wp\/v2\/posts"}],"about":[{"href":"https:\/\/encuentroinformativo.com.mx\/index.php?rest_route=\/wp\/v2\/types\/post"}],"author":[{"embeddable":true,"href":"https:\/\/encuentroinformativo.com.mx\/index.php?rest_route=\/wp\/v2\/users\/1"}],"replies":[{"embeddable":true,"href":"https:\/\/encuentroinformativo.com.mx\/index.php?rest_route=%2Fwp%2Fv2%2Fcomments&post=2511"}],"version-history":[{"count":1,"href":"https:\/\/encuentroinformativo.com.mx\/index.php?rest_route=\/wp\/v2\/posts\/2511\/revisions"}],"predecessor-version":[{"id":2513,"href":"https:\/\/encuentroinformativo.com.mx\/index.php?rest_route=\/wp\/v2\/posts\/2511\/revisions\/2513"}],"wp:featuredmedia":[{"embeddable":true,"href":"https:\/\/encuentroinformativo.com.mx\/index.php?rest_route=\/wp\/v2\/media\/2512"}],"wp:attachment":[{"href":"https:\/\/encuentroinformativo.com.mx\/index.php?rest_route=%2Fwp%2Fv2%2Fmedia&parent=2511"}],"wp:term":[{"taxonomy":"category","embeddable":true,"href":"https:\/\/encuentroinformativo.com.mx\/index.php?rest_route=%2Fwp%2Fv2%2Fcategories&post=2511"},{"taxonomy":"post_tag","embeddable":true,"href":"https:\/\/encuentroinformativo.com.mx\/index.php?rest_route=%2Fwp%2Fv2%2Ftags&post=2511"}],"curies":[{"name":"wp","href":"https:\/\/api.w.org\/{rel}","templated":true}]}}