{"id":25114,"date":"2022-03-24T12:45:00","date_gmt":"2022-03-24T18:45:00","guid":{"rendered":"https:\/\/encuentroinformativo.com.mx\/?p=25114"},"modified":"2022-03-24T12:45:03","modified_gmt":"2022-03-24T18:45:03","slug":"perredistas-piden-cese-a-feminicidios","status":"publish","type":"post","link":"https:\/\/encuentroinformativo.com.mx\/?p=25114","title":{"rendered":"Perredistas piden cese a feminicidios"},"content":{"rendered":"\n<p><strong>Juan Arcos<\/strong><\/p>\n\n\n\n<p>Xalapa, Ver.- Un grupo de mujeres del Partido de la Revoluci\u00f3n Democr\u00e1tica (PRD) protest\u00f3 frente a Palacio de Gobierno para exigir que cesen los feminicidios en el estado de Veracruz y que haya justicia para las v\u00edctimas.<\/p>\n\n\n\n<p>De acuerdo con Myriam Lagunes Mar\u00edn, secretaria de Agendas del Sol Azteca, en la entidad se contabilizaron 30 feminicidios durante el primer trimestre de este a\u00f1o.<\/p>\n\n\n\n<p>Tambi\u00e9n coment\u00f3 que solo durante enero y febrero de este 2022 se tiene registro de 20 feminicidios y 15 asesinatos de mujeres.\u00a0<br>A\u00f1adi\u00f3 que el pasado martes 22 de marzo hubo cinco muertes de mujeres por violencia feminicida.<\/p>\n\n\n\n<p>\u201cLo vemos con mucha preocupaci\u00f3n, eso fue solamente el 22 de marzo. Nosotras calculamos que ya van 30 feminicidios \u00fanicamente en estos primeros tres meses del a\u00f1o\u201d, expres\u00f3.<\/p>\n\n\n\n<p>La feminista lament\u00f3 que contin\u00fae en aumento este problem\u00e1tica en Veracruz, pese a la existencia de dos alertas por violencia de g\u00e9nero.<\/p>\n\n\n\n<p>\u201cNo para la violencia contra las mujeres y no me van a dejar mentir, miren c\u00f3mo tienen el Palacio de Gobierno, lleno de mujeres que est\u00e1n al frente de las instituciones, queriendo pintar de morado al actual gobierno, auto llam\u00e1ndose el gobierno m\u00e1s feminista de toda la historia, siendo que claramente nos han dado la espalda\u201d, agreg\u00f3.<\/p>\n\n\n\n<p>Myriam Lagunes destac\u00f3 que se han dado casos de mujeres embarazadas que fueron asesinadas y que dejaron hu\u00e9rfanos a varios hijos.<\/p>\n\n\n\n<p>Lament\u00f3 que la mayor\u00eda de los feminicidios queden impunes en la entidad y que, pese a ello, el gobierno recorta presupuestos para atender la violencia de g\u00e9nero y carece de programas con perspectiva de g\u00e9nero.<\/p>\n","protected":false},"excerpt":{"rendered":"<p>Juan Arcos Xalapa, Ver.- Un grupo de mujeres del Partido de la Revoluci\u00f3n Democr\u00e1tica (PRD) protest\u00f3 frente a Palacio de Gobierno para exigir que cesen los feminicidios en el estado de Veracruz y que haya justicia para las v\u00edctimas. De acuerdo con Myriam Lagunes Mar\u00edn, secretaria de Agendas del Sol Azteca, en la entidad se [&hellip;]<\/p>\n","protected":false},"author":1,"featured_media":25115,"comment_status":"open","ping_status":"open","sticky":false,"template":"","format":"standard","meta":{"_jetpack_memberships_contains_paid_content":false,"footnotes":""},"categories":[3],"tags":[],"class_list":["post-25114","post","type-post","status-publish","format-standard","has-post-thumbnail","hentry","category-xalapa"],"jetpack_featured_media_url":"https:\/\/encuentroinformativo.com.mx\/wp-content\/uploads\/2022\/03\/303B74E0-DBFA-4803-9387-FDBFF0EE1C74.jpeg","jetpack_sharing_enabled":true,"jetpack_likes_enabled":true,"amp_enabled":true,"_links":{"self":[{"href":"https:\/\/encuentroinformativo.com.mx\/index.php?rest_route=\/wp\/v2\/posts\/25114","targetHints":{"allow":["GET"]}}],"collection":[{"href":"https:\/\/encuentroinformativo.com.mx\/index.php?rest_route=\/wp\/v2\/posts"}],"about":[{"href":"https:\/\/encuentroinformativo.com.mx\/index.php?rest_route=\/wp\/v2\/types\/post"}],"author":[{"embeddable":true,"href":"https:\/\/encuentroinformativo.com.mx\/index.php?rest_route=\/wp\/v2\/users\/1"}],"replies":[{"embeddable":true,"href":"https:\/\/encuentroinformativo.com.mx\/index.php?rest_route=%2Fwp%2Fv2%2Fcomments&post=25114"}],"version-history":[{"count":1,"href":"https:\/\/encuentroinformativo.com.mx\/index.php?rest_route=\/wp\/v2\/posts\/25114\/revisions"}],"predecessor-version":[{"id":25116,"href":"https:\/\/encuentroinformativo.com.mx\/index.php?rest_route=\/wp\/v2\/posts\/25114\/revisions\/25116"}],"wp:featuredmedia":[{"embeddable":true,"href":"https:\/\/encuentroinformativo.com.mx\/index.php?rest_route=\/wp\/v2\/media\/25115"}],"wp:attachment":[{"href":"https:\/\/encuentroinformativo.com.mx\/index.php?rest_route=%2Fwp%2Fv2%2Fmedia&parent=25114"}],"wp:term":[{"taxonomy":"category","embeddable":true,"href":"https:\/\/encuentroinformativo.com.mx\/index.php?rest_route=%2Fwp%2Fv2%2Fcategories&post=25114"},{"taxonomy":"post_tag","embeddable":true,"href":"https:\/\/encuentroinformativo.com.mx\/index.php?rest_route=%2Fwp%2Fv2%2Ftags&post=25114"}],"curies":[{"name":"wp","href":"https:\/\/api.w.org\/{rel}","templated":true}]}}