{"id":25117,"date":"2022-03-24T13:45:27","date_gmt":"2022-03-24T19:45:27","guid":{"rendered":"https:\/\/encuentroinformativo.com.mx\/?p=25117"},"modified":"2022-03-24T13:45:31","modified_gmt":"2022-03-24T19:45:31","slug":"se-suma-arquidiocesis-a-oracion-por-la-paz-mundial","status":"publish","type":"post","link":"https:\/\/encuentroinformativo.com.mx\/?p=25117","title":{"rendered":"Se suma Arquidi\u00f3cesis a oraci\u00f3n por la Paz mundial"},"content":{"rendered":"\n<p><strong>Dar\u00edo Pale<\/strong><\/p>\n\n\n\n<p>Xalapa, Ver.- El Arzobispo de la Arquidi\u00f3cesis de Xalapa, Monse\u00f1or Jorge Carlos Patr\u00f3n Wong dijo que se sumar\u00e1n a la oraci\u00f3n mundial por La Paz a trav\u00e9s del Inmaculado Coraz\u00f3n de Mar\u00eda.<\/p>\n\n\n\n<p>Mediante un mensaje que esta circulado en diferentes redes sociales da a conocer que a un mes de que se dio la guerra entre Rusia y Ucrania, la iglesia cat\u00f3lica se unir\u00e1 en una oraci\u00f3n mundial para pedir por la paz.<\/p>\n\n\n\n<p>En un llamado que hizo el Papa Francisco, se espera que en las iglesias de todo el mundo, para este viernes, puedan hacer una eucarist\u00eda en donde pidan para que se detenga la lucha entre ambos pa\u00edses.<\/p>\n\n\n\n<p>\u201cVamos a unirnos a la oraci\u00f3n consagratoria del Papa Francisco para pedir por la paz en Ucrania, en Rusia, \u00a0en el mundo y por supuesto en Mexico, vamos a pedirle a la virgen Maria que ella que nos acompa\u00f1a en nuestros procesos de paz nos ayude\u201d, se\u00f1al\u00f3.<br>Monse\u00f1or Patr\u00f3n Wong , explic\u00f3 que se busca que por medio de la virgen Mar\u00eda se pueda consagrar el coraz\u00f3n de todas las personas, por lo que la misa se har\u00e1 desde la bas\u00edlica menor en el dique de Xalapa, todos unidos por la oraci\u00f3n de la paz.<\/p>\n\n\n\n<p>\u201cVamos a pedirle ella, que nos acompa\u00f1a en el proceso de paz, a ella vamos a consagrar a su inmaculado coraz\u00f3n la situaci\u00f3n de Ucrania, Rusia tambi\u00e9n a M\u00e9xico y vamos a celebrar la eucarist\u00eda\u201d, coment\u00f3.<\/p>\n\n\n\n<p>La Iglesia, en esta hora oscura, est\u00e1 fuertemente llamada a interceder ante el Pr\u00edncipe de la paz y a estar cerca de cuantos sufren en carne propia las consecuencias del conflicto.<\/p>\n\n\n\n<p>&#8220;En este sentido, agradezco a todos aquellos que est\u00e1n respondiendo con gran generosidad a mis llamamientos a la oraci\u00f3n, al ayuno y a la caridad&#8221;, agreg\u00f3.<\/p>\n\n\n\n<p>Por ello, la Iglesia Cat\u00f3lica en M\u00e9xico pidi\u00f3 a feligreses unirse a las intencional del Papa Francisco rezando una oraci\u00f3n por la paz.<\/p>\n\n\n\n<p>\u201cQuiere ser un gesto de la Iglesia universal, que en este momento dram\u00e1tico lleva a Dios, por mediaci\u00f3n de la Madre suya y nuestra, el grito de dolor de cuantos sufren e imploran el fin de la violencia, y conf\u00eda el futuro de la humanidad a la Reina de la paz&#8221;.<\/p>\n\n\n\n<p>\u201cPor esta raz\u00f3n, los invito a unirse a dicho Acto, convocando, el d\u00eda viernes 25 de marzo, a los sacerdotes, religiosos y dem\u00e1s fieles a la oraci\u00f3n comunitaria en los lugares sagrados, para que el Pueblo santo de Dios eleve la s\u00faplica a su Madre de manera un\u00e1nime y apremiante\u201d dice la carta del Sumo Pont\u00edfice.<\/p>\n","protected":false},"excerpt":{"rendered":"<p>Dar\u00edo Pale Xalapa, Ver.- El Arzobispo de la Arquidi\u00f3cesis de Xalapa, Monse\u00f1or Jorge Carlos Patr\u00f3n Wong dijo que se sumar\u00e1n a la oraci\u00f3n mundial por La Paz a trav\u00e9s del Inmaculado Coraz\u00f3n de Mar\u00eda. Mediante un mensaje que esta circulado en diferentes redes sociales da a conocer que a un mes de que se dio [&hellip;]<\/p>\n","protected":false},"author":1,"featured_media":25118,"comment_status":"open","ping_status":"open","sticky":false,"template":"","format":"standard","meta":{"_jetpack_memberships_contains_paid_content":false,"footnotes":""},"categories":[3],"tags":[],"class_list":["post-25117","post","type-post","status-publish","format-standard","has-post-thumbnail","hentry","category-xalapa"],"jetpack_featured_media_url":"https:\/\/encuentroinformativo.com.mx\/wp-content\/uploads\/2022\/03\/19E2C958-DA6E-4A12-9F1E-223D3575773E.jpeg","jetpack_sharing_enabled":true,"jetpack_likes_enabled":true,"amp_enabled":true,"_links":{"self":[{"href":"https:\/\/encuentroinformativo.com.mx\/index.php?rest_route=\/wp\/v2\/posts\/25117","targetHints":{"allow":["GET"]}}],"collection":[{"href":"https:\/\/encuentroinformativo.com.mx\/index.php?rest_route=\/wp\/v2\/posts"}],"about":[{"href":"https:\/\/encuentroinformativo.com.mx\/index.php?rest_route=\/wp\/v2\/types\/post"}],"author":[{"embeddable":true,"href":"https:\/\/encuentroinformativo.com.mx\/index.php?rest_route=\/wp\/v2\/users\/1"}],"replies":[{"embeddable":true,"href":"https:\/\/encuentroinformativo.com.mx\/index.php?rest_route=%2Fwp%2Fv2%2Fcomments&post=25117"}],"version-history":[{"count":1,"href":"https:\/\/encuentroinformativo.com.mx\/index.php?rest_route=\/wp\/v2\/posts\/25117\/revisions"}],"predecessor-version":[{"id":25119,"href":"https:\/\/encuentroinformativo.com.mx\/index.php?rest_route=\/wp\/v2\/posts\/25117\/revisions\/25119"}],"wp:featuredmedia":[{"embeddable":true,"href":"https:\/\/encuentroinformativo.com.mx\/index.php?rest_route=\/wp\/v2\/media\/25118"}],"wp:attachment":[{"href":"https:\/\/encuentroinformativo.com.mx\/index.php?rest_route=%2Fwp%2Fv2%2Fmedia&parent=25117"}],"wp:term":[{"taxonomy":"category","embeddable":true,"href":"https:\/\/encuentroinformativo.com.mx\/index.php?rest_route=%2Fwp%2Fv2%2Fcategories&post=25117"},{"taxonomy":"post_tag","embeddable":true,"href":"https:\/\/encuentroinformativo.com.mx\/index.php?rest_route=%2Fwp%2Fv2%2Ftags&post=25117"}],"curies":[{"name":"wp","href":"https:\/\/api.w.org\/{rel}","templated":true}]}}