{"id":25120,"date":"2022-03-24T13:48:18","date_gmt":"2022-03-24T19:48:18","guid":{"rendered":"https:\/\/encuentroinformativo.com.mx\/?p=25120"},"modified":"2022-03-24T13:48:22","modified_gmt":"2022-03-24T19:48:22","slug":"en-poza-rica-muere-mujer-tras-estallar-cilindro-de-gas-en-su-hogar","status":"publish","type":"post","link":"https:\/\/encuentroinformativo.com.mx\/?p=25120","title":{"rendered":"En Poza Rica, muere mujer tras estallar cilindro de gas en su hogar"},"content":{"rendered":"\n<p><strong>Alejandro \u00c1vila<\/strong><\/p>\n\n\n\n<p>Poza Rica, Ver.- Una posible fuga de gas provoc\u00f3 la explosi\u00f3n de un cilindro al interior de un hogar en el municipio de Poza Rica, dejando como saldo la muerte de una mujer, la tarde de este mi\u00e9rcoles.<\/p>\n\n\n\n<p>Elementos de la Secretar\u00eda de Seguridad P\u00fablica (SSP), Polic\u00eda Municipal y param\u00e9dicos de la Cruz Roja, acudieron al sitio tras el reporte al n\u00famero de emergencias 911.<\/p>\n\n\n\n<p>Las primeras indagatorias se\u00f1alan que, la joven mujer se preparaba para cocinar sus alimentos, cu\u00e1ndo al encender la estufa se suscit\u00f3 la explosi\u00f3n.<\/p>\n\n\n\n<p>Familiares acudieron a su auxilio al escuchar la explosi\u00f3n, al verla tirada en el piso e inconsciente solicitaron la ayuda de los cuerpos de emergencia, lamentablemente a su llegada, solo pudieron confirmar su deceso.<\/p>\n\n\n\n<p>La Policias Municipales acordon\u00f3 el \u00e1rea en espera del personal de la Fiscal\u00eda Regional y Agentes Ministeriales, mismos que al llegar al lugar recabaron informaci\u00f3n sobre el lamentable incidente que cobr\u00f3 la vida de la mujer; al tiempo que, personal de Servicios Periciales realizaron el levantamiento del cuerpo y lo trasladaron al SEMEFO.<\/p>\n","protected":false},"excerpt":{"rendered":"<p>Alejandro \u00c1vila Poza Rica, Ver.- Una posible fuga de gas provoc\u00f3 la explosi\u00f3n de un cilindro al interior de un hogar en el municipio de Poza Rica, dejando como saldo la muerte de una mujer, la tarde de este mi\u00e9rcoles. Elementos de la Secretar\u00eda de Seguridad P\u00fablica (SSP), Polic\u00eda Municipal y param\u00e9dicos de la Cruz [&hellip;]<\/p>\n","protected":false},"author":1,"featured_media":25121,"comment_status":"open","ping_status":"open","sticky":false,"template":"","format":"standard","meta":{"_jetpack_memberships_contains_paid_content":false,"footnotes":""},"categories":[14],"tags":[],"class_list":["post-25120","post","type-post","status-publish","format-standard","has-post-thumbnail","hentry","category-policiaca"],"jetpack_featured_media_url":"https:\/\/encuentroinformativo.com.mx\/wp-content\/uploads\/2022\/03\/A7D174FF-7E80-4DCC-80FA-5A0CE2BC548B.jpeg","jetpack_sharing_enabled":true,"jetpack_likes_enabled":true,"amp_enabled":true,"_links":{"self":[{"href":"https:\/\/encuentroinformativo.com.mx\/index.php?rest_route=\/wp\/v2\/posts\/25120","targetHints":{"allow":["GET"]}}],"collection":[{"href":"https:\/\/encuentroinformativo.com.mx\/index.php?rest_route=\/wp\/v2\/posts"}],"about":[{"href":"https:\/\/encuentroinformativo.com.mx\/index.php?rest_route=\/wp\/v2\/types\/post"}],"author":[{"embeddable":true,"href":"https:\/\/encuentroinformativo.com.mx\/index.php?rest_route=\/wp\/v2\/users\/1"}],"replies":[{"embeddable":true,"href":"https:\/\/encuentroinformativo.com.mx\/index.php?rest_route=%2Fwp%2Fv2%2Fcomments&post=25120"}],"version-history":[{"count":1,"href":"https:\/\/encuentroinformativo.com.mx\/index.php?rest_route=\/wp\/v2\/posts\/25120\/revisions"}],"predecessor-version":[{"id":25122,"href":"https:\/\/encuentroinformativo.com.mx\/index.php?rest_route=\/wp\/v2\/posts\/25120\/revisions\/25122"}],"wp:featuredmedia":[{"embeddable":true,"href":"https:\/\/encuentroinformativo.com.mx\/index.php?rest_route=\/wp\/v2\/media\/25121"}],"wp:attachment":[{"href":"https:\/\/encuentroinformativo.com.mx\/index.php?rest_route=%2Fwp%2Fv2%2Fmedia&parent=25120"}],"wp:term":[{"taxonomy":"category","embeddable":true,"href":"https:\/\/encuentroinformativo.com.mx\/index.php?rest_route=%2Fwp%2Fv2%2Fcategories&post=25120"},{"taxonomy":"post_tag","embeddable":true,"href":"https:\/\/encuentroinformativo.com.mx\/index.php?rest_route=%2Fwp%2Fv2%2Ftags&post=25120"}],"curies":[{"name":"wp","href":"https:\/\/api.w.org\/{rel}","templated":true}]}}