{"id":25127,"date":"2022-03-24T14:50:23","date_gmt":"2022-03-24T20:50:23","guid":{"rendered":"https:\/\/encuentroinformativo.com.mx\/?p=25127"},"modified":"2022-03-24T14:50:26","modified_gmt":"2022-03-24T20:50:26","slug":"pasaje-apunala-a-taxista-en-medellin-de-bravo","status":"publish","type":"post","link":"https:\/\/encuentroinformativo.com.mx\/?p=25127","title":{"rendered":"Pasaje apu\u00f1ala a taxista en Medell\u00edn de Bravo"},"content":{"rendered":"\n<p><strong>Alejandro \u00c1vila<\/strong><\/p>\n\n\n\n<p>Medell\u00edn de Bravo, Ver.- Un taxista acudi\u00f3 la tarde de este jueves al Centro de Emergencias del Ayuntamiento de Medell\u00edn de Bravo, ubicado en el fraccionamiento Arboledas San Ram\u00f3n, para solicitar la atenci\u00f3n, toda vez que declar\u00f3 haber sido apu\u00f1alado por su pasaje.<\/p>\n\n\n\n<p>El ruletero identificado como, Rafael Marcial Mart\u00ednez de 65 a\u00f1os y con domicilio en la Unidad Habitacional &#8220;El Coyol&#8221; del municipio de Veracruz, se present\u00f3 en la Central Emergencias, ba\u00f1ado en sangre.<\/p>\n\n\n\n<p>Debido a que la ambulancia del Ayuntamiento de Medell\u00edn de Bravo se encontraba realizando un servicio\u00a0 fue solicitado el apoyo de los param\u00e9dicos de SMAE, qui\u00e9nes llegaron inmediatamente al sitio para brindarle atenci\u00f3n al herido.<\/p>\n\n\n\n<p>El conductor del veh\u00edculo de renta, con n\u00famero econ\u00f3mico 6333 de Veracruz, relat\u00f3 qu\u00e9 hab\u00eda prestado un servicio hacia el municipio de Medell\u00edn de Bravo, en el localidad de El Tejar, cu\u00e1ndo al solicitarle el pago al pasajero, este intento asaltarlo y aprovech\u00f3 para apu\u00f1alarlo con un objeto punzocortante.<\/p>\n","protected":false},"excerpt":{"rendered":"<p>Alejandro \u00c1vila Medell\u00edn de Bravo, Ver.- Un taxista acudi\u00f3 la tarde de este jueves al Centro de Emergencias del Ayuntamiento de Medell\u00edn de Bravo, ubicado en el fraccionamiento Arboledas San Ram\u00f3n, para solicitar la atenci\u00f3n, toda vez que declar\u00f3 haber sido apu\u00f1alado por su pasaje. El ruletero identificado como, Rafael Marcial Mart\u00ednez de 65 a\u00f1os [&hellip;]<\/p>\n","protected":false},"author":1,"featured_media":25128,"comment_status":"open","ping_status":"open","sticky":false,"template":"","format":"standard","meta":{"_jetpack_memberships_contains_paid_content":false,"footnotes":""},"categories":[14],"tags":[],"class_list":["post-25127","post","type-post","status-publish","format-standard","has-post-thumbnail","hentry","category-policiaca"],"jetpack_featured_media_url":"https:\/\/encuentroinformativo.com.mx\/wp-content\/uploads\/2022\/03\/68627853-DBCF-4277-9B5F-8899B8B3845D.jpeg","jetpack_sharing_enabled":true,"jetpack_likes_enabled":true,"amp_enabled":true,"_links":{"self":[{"href":"https:\/\/encuentroinformativo.com.mx\/index.php?rest_route=\/wp\/v2\/posts\/25127","targetHints":{"allow":["GET"]}}],"collection":[{"href":"https:\/\/encuentroinformativo.com.mx\/index.php?rest_route=\/wp\/v2\/posts"}],"about":[{"href":"https:\/\/encuentroinformativo.com.mx\/index.php?rest_route=\/wp\/v2\/types\/post"}],"author":[{"embeddable":true,"href":"https:\/\/encuentroinformativo.com.mx\/index.php?rest_route=\/wp\/v2\/users\/1"}],"replies":[{"embeddable":true,"href":"https:\/\/encuentroinformativo.com.mx\/index.php?rest_route=%2Fwp%2Fv2%2Fcomments&post=25127"}],"version-history":[{"count":1,"href":"https:\/\/encuentroinformativo.com.mx\/index.php?rest_route=\/wp\/v2\/posts\/25127\/revisions"}],"predecessor-version":[{"id":25129,"href":"https:\/\/encuentroinformativo.com.mx\/index.php?rest_route=\/wp\/v2\/posts\/25127\/revisions\/25129"}],"wp:featuredmedia":[{"embeddable":true,"href":"https:\/\/encuentroinformativo.com.mx\/index.php?rest_route=\/wp\/v2\/media\/25128"}],"wp:attachment":[{"href":"https:\/\/encuentroinformativo.com.mx\/index.php?rest_route=%2Fwp%2Fv2%2Fmedia&parent=25127"}],"wp:term":[{"taxonomy":"category","embeddable":true,"href":"https:\/\/encuentroinformativo.com.mx\/index.php?rest_route=%2Fwp%2Fv2%2Fcategories&post=25127"},{"taxonomy":"post_tag","embeddable":true,"href":"https:\/\/encuentroinformativo.com.mx\/index.php?rest_route=%2Fwp%2Fv2%2Ftags&post=25127"}],"curies":[{"name":"wp","href":"https:\/\/api.w.org\/{rel}","templated":true}]}}