{"id":25133,"date":"2022-03-25T09:22:15","date_gmt":"2022-03-25T15:22:15","guid":{"rendered":"https:\/\/encuentroinformativo.com.mx\/?p=25133"},"modified":"2022-03-25T09:22:18","modified_gmt":"2022-03-25T15:22:18","slug":"clasismo","status":"publish","type":"post","link":"https:\/\/encuentroinformativo.com.mx\/?p=25133","title":{"rendered":"Clasismo"},"content":{"rendered":"\n<p><strong>Los Pol\u00edticos<\/strong><\/p>\n\n\n\n<p><strong>Salvador Mu\u00f1oz<\/strong><\/p>\n\n\n\n<p>Es viernes, rel\u00e1jese al menos de aqu\u00ed al domingo, si es que le tocan elecciones extraordinarias\u2026 si no, ni se ocupe ni preocupe, ni se aflija ni se afloje\u2026 deje que le cuente:<\/p>\n\n\n\n<p>A Pablo, su pap\u00e1 le quiso dar una lecci\u00f3n por obtener malas calificaciones en su escuela privada. Por eso, de castigo, lo meti\u00f3 a la primaria Venustiano Carranza donde la mayor\u00eda de los estudiantes \u00e9ramos hijos de obreros, ferrocarrileros, tenderos, campesinos, verduleros, y por all\u00ed, uno o dos v\u00e1stagos de alg\u00fan funcionario de Ferronales, de Doctor o empresario\u2026<\/p>\n\n\n\n<p>Quiero entender que el castigo era de cierto modo, dejar a sus amigos y lo bonito de su escuela para enfrentarse a l\u00e9peros de pantalones con parches y zapatos raspados\u2026 Pablo la pas\u00f3 muy mal en ese cuarto a\u00f1o por llegar impecable al sal\u00f3n de clases: camisas de vestir y pantal\u00f3n hechos a mano por lo perfectos que le quedaban; con un peinado engomado que contrastaba con el de la mayor\u00eda, pelos parados, gallos, uno que otro con base de lim\u00f3n o con piojos; y a ello se le sumaba su rostro tipo Ricky Martin\u2026 no recuerdo si termin\u00f3 el a\u00f1o escolar, pero en quinto ya no lo vimos\u2026<\/p>\n\n\n\n<p>No s\u00e9 qu\u00e9 haya pasado por la cabeza del padre de Pablo cuando lo castig\u00f3 envi\u00e1ndolo a una escuela p\u00fablica, pero a estas alturas de mi vida creo que tuvo algo de clasismo\u2026<\/p>\n\n\n\n<p>Esta an\u00e9cdota viene a cuento por un comentario que vi en <em>Facebook<\/em> que dec\u00eda m\u00e1s o menos as\u00ed: \u201cquienes defienden el AIFA de seguro en su vida no han conocido un aeropuerto internacional\u2026\u201d \u00a1Ouch! S\u00ed, ha de tener un algo de raz\u00f3n, \u00bfpero tambi\u00e9n tendr\u00e1 algo de ese clasismo que tanto aboga el presidente Andr\u00e9s Manuel L\u00f3pez Obrador en sus ma\u00f1aneras?<\/p>\n\n\n\n<p>Discriminar a alguien por su condici\u00f3n socioecon\u00f3mica y hasta por su apariencia, es como entiendo el clasismo, y de cierto modo, creo que igual se da para arriba como se da para abajo.<\/p>\n\n\n\n<p>El piropo igual es una forma de clasismo\u2026&nbsp;<\/p>\n\n\n\n<p>Si yo, periodista, feo y pobre, le echo una flor a una mujer, es acoso\u2026 si Carlos Brito le echa una flor a una mujer, es ocaso\u2026 si Bingen le echa una flor a una mujer, \u00bfacaso se enoja?<\/p>\n\n\n\n<p>Tambi\u00e9n hay el Clasismo Religioso aunque no lo crea\u2026<\/p>\n\n\n\n<p>\u2013Este domingo, primero Dios y la Virgen de Guadalupe, vamos a ganar las elecciones\u2026<\/p>\n\n\n\n<p>\u2013Este domingo, de acuerdo a la campa\u00f1a que hicimos, combinada con los apoyos prometidos desde Plat\u00f3n S\u00e1nchez para los de Chiconamel, \u00a1vamos a ganar!<\/p>\n\n\n\n<p>\u00bfVe la diferencia?<\/p>\n\n\n\n<p>El que me encanta es el Clasismo de oficios\u2026 D\u00edgame si no ha escuchado alguna vez a alguien soltar esa perla de su boca cuando dicen \u201c\u00a1Ten\u00eda que ser taxista!\u201d<\/p>\n\n\n\n<p>El clasismo comparativo es utilizado para amenazar a los escuincles pretendiendo incentivar sus aspiraciones: \u201cSi no estudias, vas acabar como ese se\u00f1or\u201d y se\u00f1alan que al barrendero, que al del carro de la basura, que al bolero\u2026 esto ocurre mientras espera que llegue el urbano.<\/p>\n\n\n\n<p>Las redes sociales abrieron el clasismo en positivo o en negativo\u2026 hay quienes criticaban a los usuarios porque su techo era de l\u00e1mina o porque las paredes eran de ladrillo, sin revocar, pero el asunto es que a la gente que sub\u00eda sus videos realmente les val\u00eda madre esos comentarios\u2026<\/p>\n\n\n\n<p>Uno que recuerdo mucho es la chica que presume su I-Phone \u00faltima generaci\u00f3n, \u00bfa bordo del metro?<\/p>\n\n\n\n<p>El clasismo geogr\u00e1fico: Siendo chaval, en la Ciudad de M\u00e9xico, un t\u00edo me lleva a una cena que tendr\u00eda con su socio, y al percatarse de m\u00ed, el se\u00f1or pregunta:<\/p>\n\n\n\n<p>\u2013\u00bfY este ni\u00f1o?\u2013 Mi t\u00edo responde \u2013Mi sobrino, de Orizaba\u2013 y el socio dice: \u201cAaah! Provincianito\u201d<\/p>\n\n\n\n<p>A lo mejor exagero, pero s\u00ed sent\u00ed el tonito medio mamila\u2026<\/p>\n\n\n\n<p>Hay clasismo pol\u00edtico y no es de ahora\u2026 los \u201cpobres\u201d de la pol\u00edtica hoy son los Morenos, pero hace a\u00f1os, este papel lo desempe\u00f1\u00f3 el PRD cuando surgieron sus tribus y empezaron a despedazarse entre ellos\u2026 antes de eso, era como una especie de refugio para la izquierda intelectual.<\/p>\n\n\n\n<p>Los del PAN eran (son) considerados los ricos y sabrosos de la pol\u00edtica\u2026 bien vestidos, perfumados, de barbita bien cuidada y modositos a la hora de hablar\u2026 hasta que conocimos a Pancho Cachondo (qepd)&#8230;<\/p>\n\n\n\n<p>La raza, el pueblo, \u00e9sos eran los del PRI\u2026<\/p>\n\n\n\n<p>A estas alturas de mi vida, el clasismo que vivo todos los d\u00edas se concentra en dos aspectos: En quienes somos pendejos y en quienes creemos que no somos pendejos\u2026<\/p>\n\n\n\n<p>Pasen bonito fin de semana!<\/p>\n\n\n\n<p><a href=\"mailto:smcainito@gmail.com\" target=\"_blank\" rel=\"noreferrer noopener\">smcainito@gmail.com<\/a><\/p>\n","protected":false},"excerpt":{"rendered":"<p>Los Pol\u00edticos Salvador Mu\u00f1oz Es viernes, rel\u00e1jese al menos de aqu\u00ed al domingo, si es que le tocan elecciones extraordinarias\u2026 si no, ni se ocupe ni preocupe, ni se aflija ni se afloje\u2026 deje que le cuente: A Pablo, su pap\u00e1 le quiso dar una lecci\u00f3n por obtener malas calificaciones en su escuela privada. Por [&hellip;]<\/p>\n","protected":false},"author":1,"featured_media":387,"comment_status":"open","ping_status":"open","sticky":false,"template":"","format":"standard","meta":{"_jetpack_memberships_contains_paid_content":false,"footnotes":""},"categories":[11],"tags":[],"class_list":["post-25133","post","type-post","status-publish","format-standard","has-post-thumbnail","hentry","category-opinion"],"jetpack_featured_media_url":"https:\/\/encuentroinformativo.com.mx\/wp-content\/uploads\/2020\/03\/7CF8A22B-2764-47BE-8F7F-38FE9E5D6A2F.jpeg","jetpack_sharing_enabled":true,"jetpack_likes_enabled":true,"amp_enabled":true,"_links":{"self":[{"href":"https:\/\/encuentroinformativo.com.mx\/index.php?rest_route=\/wp\/v2\/posts\/25133","targetHints":{"allow":["GET"]}}],"collection":[{"href":"https:\/\/encuentroinformativo.com.mx\/index.php?rest_route=\/wp\/v2\/posts"}],"about":[{"href":"https:\/\/encuentroinformativo.com.mx\/index.php?rest_route=\/wp\/v2\/types\/post"}],"author":[{"embeddable":true,"href":"https:\/\/encuentroinformativo.com.mx\/index.php?rest_route=\/wp\/v2\/users\/1"}],"replies":[{"embeddable":true,"href":"https:\/\/encuentroinformativo.com.mx\/index.php?rest_route=%2Fwp%2Fv2%2Fcomments&post=25133"}],"version-history":[{"count":1,"href":"https:\/\/encuentroinformativo.com.mx\/index.php?rest_route=\/wp\/v2\/posts\/25133\/revisions"}],"predecessor-version":[{"id":25134,"href":"https:\/\/encuentroinformativo.com.mx\/index.php?rest_route=\/wp\/v2\/posts\/25133\/revisions\/25134"}],"wp:featuredmedia":[{"embeddable":true,"href":"https:\/\/encuentroinformativo.com.mx\/index.php?rest_route=\/wp\/v2\/media\/387"}],"wp:attachment":[{"href":"https:\/\/encuentroinformativo.com.mx\/index.php?rest_route=%2Fwp%2Fv2%2Fmedia&parent=25133"}],"wp:term":[{"taxonomy":"category","embeddable":true,"href":"https:\/\/encuentroinformativo.com.mx\/index.php?rest_route=%2Fwp%2Fv2%2Fcategories&post=25133"},{"taxonomy":"post_tag","embeddable":true,"href":"https:\/\/encuentroinformativo.com.mx\/index.php?rest_route=%2Fwp%2Fv2%2Ftags&post=25133"}],"curies":[{"name":"wp","href":"https:\/\/api.w.org\/{rel}","templated":true}]}}