{"id":25138,"date":"2022-03-25T09:32:57","date_gmt":"2022-03-25T15:32:57","guid":{"rendered":"https:\/\/encuentroinformativo.com.mx\/?p=25138"},"modified":"2022-03-25T09:33:00","modified_gmt":"2022-03-25T15:33:00","slug":"destituyen-a-director-de-alumbrado-publico-de-medellin-de-bravo","status":"publish","type":"post","link":"https:\/\/encuentroinformativo.com.mx\/?p=25138","title":{"rendered":"Destituyen a director de Alumbrado P\u00fablico de Medell\u00edn de Bravo"},"content":{"rendered":"\n<p><strong>*Hac\u00eda proselitismo en favor de Agente Municipal.<\/strong><\/p>\n\n\n\n<p><strong>Alejandro \u00c1vila<\/strong><\/p>\n\n\n\n<p>Medell\u00edn de Bravo, Ver.- El pasado mi\u00e9rcoles en sesi\u00f3n de Cabildo, fue cesado de su cargo como director de Alumbrado P\u00fablico de Medell\u00edn de Bravo, Adri\u00e1n Mart\u00ednez Gayosso, por proselitismo indebido, durante las campa\u00f1as para Agentes Municipales.<\/p>\n\n\n\n<p>La solicitud para que fuera cesado de su cargo, la hizo el regidor segundo, David Alem\u00e1n.<\/p>\n\n\n\n<p>Es de mencionar qu\u00e9, Adri\u00e1n Mart\u00ednez Gayosso era titular de dos direcciones, la de Protecci\u00f3n Civil y la de Alumbrado P\u00fablico, pero \u00fanicamente fue cesado de esta \u00faltima.<\/p>\n\n\n\n<p>&#8220;Ya que en tres localidades, qu\u00e9 es Potrerillo, La Laguna y Paso del Toro, se le dio a esta persona con veh\u00edculo del Ayuntamiento haciendo proselitismo, apoyando a los candidatos que est\u00e1n jugando para Agencias Municipales en esas congregaciones. En especial en Potrerillo, estaba cortando tablones, podando \u00e1rboles, a petici\u00f3n de una persona que est\u00e1 jugando por esa congregaci\u00f3n&#8221;, explico Fernando Aguirre Arredondo, regidor tercero.<\/p>\n\n\n\n<p>El edil emanado de Movimiento Ciudadano mencion\u00f3 que, por unanimidad, se lleg\u00f3 al acuerdo de eliminarle la direcci\u00f3n de Alumbrado P\u00fablico; sin embargo, continuar\u00e1 siendo director de Protecci\u00f3n Civil.<\/p>\n\n\n\n<p>Ser\u00e1 el pr\u00f3ximo domingo 27 de marzo, cu\u00e1ndo se lleven a cabo las elecciones de las 12 Agencias Municipales que hay en el municipio de Medell\u00edn de Bravo.<\/p>\n","protected":false},"excerpt":{"rendered":"<p>*Hac\u00eda proselitismo en favor de Agente Municipal. Alejandro \u00c1vila Medell\u00edn de Bravo, Ver.- El pasado mi\u00e9rcoles en sesi\u00f3n de Cabildo, fue cesado de su cargo como director de Alumbrado P\u00fablico de Medell\u00edn de Bravo, Adri\u00e1n Mart\u00ednez Gayosso, por proselitismo indebido, durante las campa\u00f1as para Agentes Municipales. La solicitud para que fuera cesado de su cargo, [&hellip;]<\/p>\n","protected":false},"author":1,"featured_media":25139,"comment_status":"open","ping_status":"open","sticky":false,"template":"","format":"standard","meta":{"_jetpack_memberships_contains_paid_content":false,"footnotes":""},"categories":[2],"tags":[],"class_list":["post-25138","post","type-post","status-publish","format-standard","has-post-thumbnail","hentry","category-estado"],"jetpack_featured_media_url":"https:\/\/encuentroinformativo.com.mx\/wp-content\/uploads\/2022\/03\/A450496A-3306-4DC7-9678-B0AF5356553F.jpeg","jetpack_sharing_enabled":true,"jetpack_likes_enabled":true,"amp_enabled":true,"_links":{"self":[{"href":"https:\/\/encuentroinformativo.com.mx\/index.php?rest_route=\/wp\/v2\/posts\/25138","targetHints":{"allow":["GET"]}}],"collection":[{"href":"https:\/\/encuentroinformativo.com.mx\/index.php?rest_route=\/wp\/v2\/posts"}],"about":[{"href":"https:\/\/encuentroinformativo.com.mx\/index.php?rest_route=\/wp\/v2\/types\/post"}],"author":[{"embeddable":true,"href":"https:\/\/encuentroinformativo.com.mx\/index.php?rest_route=\/wp\/v2\/users\/1"}],"replies":[{"embeddable":true,"href":"https:\/\/encuentroinformativo.com.mx\/index.php?rest_route=%2Fwp%2Fv2%2Fcomments&post=25138"}],"version-history":[{"count":1,"href":"https:\/\/encuentroinformativo.com.mx\/index.php?rest_route=\/wp\/v2\/posts\/25138\/revisions"}],"predecessor-version":[{"id":25140,"href":"https:\/\/encuentroinformativo.com.mx\/index.php?rest_route=\/wp\/v2\/posts\/25138\/revisions\/25140"}],"wp:featuredmedia":[{"embeddable":true,"href":"https:\/\/encuentroinformativo.com.mx\/index.php?rest_route=\/wp\/v2\/media\/25139"}],"wp:attachment":[{"href":"https:\/\/encuentroinformativo.com.mx\/index.php?rest_route=%2Fwp%2Fv2%2Fmedia&parent=25138"}],"wp:term":[{"taxonomy":"category","embeddable":true,"href":"https:\/\/encuentroinformativo.com.mx\/index.php?rest_route=%2Fwp%2Fv2%2Fcategories&post=25138"},{"taxonomy":"post_tag","embeddable":true,"href":"https:\/\/encuentroinformativo.com.mx\/index.php?rest_route=%2Fwp%2Fv2%2Ftags&post=25138"}],"curies":[{"name":"wp","href":"https:\/\/api.w.org\/{rel}","templated":true}]}}