{"id":25141,"date":"2022-03-25T10:44:01","date_gmt":"2022-03-25T16:44:01","guid":{"rendered":"https:\/\/encuentroinformativo.com.mx\/?p=25141"},"modified":"2022-03-25T10:44:05","modified_gmt":"2022-03-25T16:44:05","slug":"autoridades-olvidan-invitar-a-artista-que-pinto-mural-de-lenguaje-inclusivo","status":"publish","type":"post","link":"https:\/\/encuentroinformativo.com.mx\/?p=25141","title":{"rendered":"Autoridades olvidan invitar a artista que pint\u00f3 mural de Lenguaje Inclusivo"},"content":{"rendered":"\n<p><strong>Alejandro \u00c1vila<\/strong><\/p>\n\n\n\n<p>Veracruz, Ver.- El artista Jorge Froyl\u00e1n Jardines Hern\u00e1ndez, denunci\u00f3 en sus redes sociales no haber sido invitado a la inauguraci\u00f3n de una de sus obras en Veracruz puerto.<\/p>\n\n\n\n<p>La direcci\u00f3n de Actividades Art\u00edsticas de la Secretar\u00eda de Educaci\u00f3n de Veracruz (SEV) realiz\u00f3 un concurso para realizar murales con tem\u00e1tica inclusiva, mismos que se realizar\u00edan en los Centros de Atenci\u00f3n M\u00faltiple de Teocelo, La Joya y Veracruz puerto.<\/p>\n\n\n\n<p>Este \u00faltimo bajo el nombre de &#8220;Portadores De Luz&#8221; y con tem\u00e1tica de lenguaje de se\u00f1as, fue inaugurado la tarde de este jueves con la ausencia del muralista.<\/p>\n\n\n\n<p>&#8220;Se ve que se la pasaron bien, l\u00e1stima que en mi trabajo ni me avisaron para al menos conectarme v\u00eda se\u00f1ales de humo XD&#8221;, public\u00f3 en su <em>Facebook<\/em> personal (Froy Balam).<\/p>\n\n\n\n<p>Froyl\u00e1n Jardines comparti\u00f3 la publicaci\u00f3n de la diputada local, Anil\u00fa Ingram Vallines, qui\u00e9n se congratul\u00f3 por la invitaci\u00f3n, y resalt\u00f3 el gran trabajo realizado por el artista veracruzano.<\/p>\n\n\n\n<p>&#8220;Agradezco la invitaci\u00f3n del CAM 12 de #Veracruz, para la inauguraci\u00f3n del mural de lenguaje inclusivo, en donde los artistas, Froylan Jardines y Cosme Casas representan al Puerto de Veracruz y rinden un homenaje a la lengua de se\u00f1as.&nbsp;<\/p>\n\n\n\n<p>Adem\u00e1s, pude jugar ping pong con los alumnos&#8221;, public\u00f3 la Legisladora, que fue invitada por el director del plantel educativo.<\/p>\n\n\n\n<p>&#8220;El mural se denomina &#8216;Portadores de Luz&#8217; y representa lo que es el puerto de Veracruz, y un homenaje a la lengua de se\u00f1as mexicana y su importancia en la difusi\u00f3n para promover la inclusi\u00f3n de las personas con discapacidad, que utilizan est\u00e1 lengua para poder comunicarse y desarrollarse en la sociedad. As\u00ed mismo, me puse a la orden de todos ellos, para que desde la comisi\u00f3n de Derechos Humanos y Atenci\u00f3n a Grupos Vulnerables del Congreso de Veracruz, trabajemos en garantizar los derechos de cada una de ella y de ellos&#8221;, puntualiz\u00f3 Anil\u00fa Ingram Vallines.<\/p>\n","protected":false},"excerpt":{"rendered":"<p>Alejandro \u00c1vila Veracruz, Ver.- El artista Jorge Froyl\u00e1n Jardines Hern\u00e1ndez, denunci\u00f3 en sus redes sociales no haber sido invitado a la inauguraci\u00f3n de una de sus obras en Veracruz puerto. La direcci\u00f3n de Actividades Art\u00edsticas de la Secretar\u00eda de Educaci\u00f3n de Veracruz (SEV) realiz\u00f3 un concurso para realizar murales con tem\u00e1tica inclusiva, mismos que se [&hellip;]<\/p>\n","protected":false},"author":1,"featured_media":25142,"comment_status":"open","ping_status":"open","sticky":false,"template":"","format":"standard","meta":{"_jetpack_memberships_contains_paid_content":false,"footnotes":""},"categories":[2],"tags":[],"class_list":["post-25141","post","type-post","status-publish","format-standard","has-post-thumbnail","hentry","category-estado"],"jetpack_featured_media_url":"https:\/\/encuentroinformativo.com.mx\/wp-content\/uploads\/2022\/03\/99B53302-DEF7-4638-A228-15BA874C40D1.jpeg","jetpack_sharing_enabled":true,"jetpack_likes_enabled":true,"amp_enabled":true,"_links":{"self":[{"href":"https:\/\/encuentroinformativo.com.mx\/index.php?rest_route=\/wp\/v2\/posts\/25141","targetHints":{"allow":["GET"]}}],"collection":[{"href":"https:\/\/encuentroinformativo.com.mx\/index.php?rest_route=\/wp\/v2\/posts"}],"about":[{"href":"https:\/\/encuentroinformativo.com.mx\/index.php?rest_route=\/wp\/v2\/types\/post"}],"author":[{"embeddable":true,"href":"https:\/\/encuentroinformativo.com.mx\/index.php?rest_route=\/wp\/v2\/users\/1"}],"replies":[{"embeddable":true,"href":"https:\/\/encuentroinformativo.com.mx\/index.php?rest_route=%2Fwp%2Fv2%2Fcomments&post=25141"}],"version-history":[{"count":1,"href":"https:\/\/encuentroinformativo.com.mx\/index.php?rest_route=\/wp\/v2\/posts\/25141\/revisions"}],"predecessor-version":[{"id":25143,"href":"https:\/\/encuentroinformativo.com.mx\/index.php?rest_route=\/wp\/v2\/posts\/25141\/revisions\/25143"}],"wp:featuredmedia":[{"embeddable":true,"href":"https:\/\/encuentroinformativo.com.mx\/index.php?rest_route=\/wp\/v2\/media\/25142"}],"wp:attachment":[{"href":"https:\/\/encuentroinformativo.com.mx\/index.php?rest_route=%2Fwp%2Fv2%2Fmedia&parent=25141"}],"wp:term":[{"taxonomy":"category","embeddable":true,"href":"https:\/\/encuentroinformativo.com.mx\/index.php?rest_route=%2Fwp%2Fv2%2Fcategories&post=25141"},{"taxonomy":"post_tag","embeddable":true,"href":"https:\/\/encuentroinformativo.com.mx\/index.php?rest_route=%2Fwp%2Fv2%2Ftags&post=25141"}],"curies":[{"name":"wp","href":"https:\/\/api.w.org\/{rel}","templated":true}]}}