{"id":25144,"date":"2022-03-25T10:47:41","date_gmt":"2022-03-25T16:47:41","guid":{"rendered":"https:\/\/encuentroinformativo.com.mx\/?p=25144"},"modified":"2022-03-25T10:47:44","modified_gmt":"2022-03-25T16:47:44","slug":"descartan-rehabilitacion-del-zoologico-viveros","status":"publish","type":"post","link":"https:\/\/encuentroinformativo.com.mx\/?p=25144","title":{"rendered":"Descartan rehabilitaci\u00f3n del zool\u00f3gico &#8220;Viveros&#8221;"},"content":{"rendered":"\n<p><strong>Alejandro \u00c1vila<\/strong><\/p>\n\n\n\n<p>Veracruz, Ver.- La alcaldesa de Veracruz Patricia Lobeira Rodr\u00edguez, descart\u00f3 la rehabilitaci\u00f3n integral en 2022, del zool\u00f3gico &#8220;Miguel \u00c1ngel de Quevedo&#8221;, mejor conocido como &#8220;Viveros&#8221;.<\/p>\n\n\n\n<p>La edil panista dijo que, analizar\u00e1n si el lugar continuar\u00e1 manejandose como zool\u00f3gico o se cambiar\u00e1 \u00fanicamente a, una Unidad de Manejo Ambiental (UMA).<\/p>\n\n\n\n<p>&#8220;No ser\u00eda este a\u00f1o, por eso no lo tenemos presupuestado, este a\u00f1o no entrar\u00eda la rehabilitaci\u00f3n, este a\u00f1o lo \u00fanico que estamos haciendo es mantenimiento a las \u00e1reas c\u00f3mo este zool\u00f3gico Miguel \u00c1ngel de Quevedo, y m\u00e1s adelante podr\u00eda considerarse la rehabilitaci\u00f3n (\u2026) a m\u00ed me gustar\u00eda rehabilitarlo en su totalidad, hay proyectos como bien mencionas, sin embargo, tambi\u00e9n ahora, ha habido aumentos en diferentes productos que, seguramente han aumentado, y que bueno, el precio que ten\u00eda contemplado o la inversi\u00f3n que ten\u00edan contemplada, ya seguramente aument\u00f3&#8221;, refut\u00f3.<\/p>\n\n\n\n<p>En cuanto a la barda ca\u00edda hace unas semanas durante uno de los frentes fr\u00edos, y ubicada en la calle Del Campesino, dijo se contempla reconstruirla en este mismo a\u00f1o.<\/p>\n\n\n\n<p>Finalmente y aunque la panista reconoci\u00f3, ya existen proyectos para rehabilitar el zool\u00f3gico &#8220;Miguel \u00c1ngel de Quevedo&#8221;, la alcaldesa insisti\u00f3 en que, se buscara hacer un nuevo proyecto integral, para tratar de rescatar dicha infraestructura, antes de que culmine su administraci\u00f3n.<\/p>\n","protected":false},"excerpt":{"rendered":"<p>Alejandro \u00c1vila Veracruz, Ver.- La alcaldesa de Veracruz Patricia Lobeira Rodr\u00edguez, descart\u00f3 la rehabilitaci\u00f3n integral en 2022, del zool\u00f3gico &#8220;Miguel \u00c1ngel de Quevedo&#8221;, mejor conocido como &#8220;Viveros&#8221;. La edil panista dijo que, analizar\u00e1n si el lugar continuar\u00e1 manejandose como zool\u00f3gico o se cambiar\u00e1 \u00fanicamente a, una Unidad de Manejo Ambiental (UMA). &#8220;No ser\u00eda este a\u00f1o, [&hellip;]<\/p>\n","protected":false},"author":1,"featured_media":25145,"comment_status":"open","ping_status":"open","sticky":false,"template":"","format":"standard","meta":{"_jetpack_memberships_contains_paid_content":false,"footnotes":""},"categories":[2],"tags":[],"class_list":["post-25144","post","type-post","status-publish","format-standard","has-post-thumbnail","hentry","category-estado"],"jetpack_featured_media_url":"https:\/\/encuentroinformativo.com.mx\/wp-content\/uploads\/2022\/03\/3A8D0B87-7040-4350-9D98-A104520F7743.jpeg","jetpack_sharing_enabled":true,"jetpack_likes_enabled":true,"amp_enabled":true,"_links":{"self":[{"href":"https:\/\/encuentroinformativo.com.mx\/index.php?rest_route=\/wp\/v2\/posts\/25144","targetHints":{"allow":["GET"]}}],"collection":[{"href":"https:\/\/encuentroinformativo.com.mx\/index.php?rest_route=\/wp\/v2\/posts"}],"about":[{"href":"https:\/\/encuentroinformativo.com.mx\/index.php?rest_route=\/wp\/v2\/types\/post"}],"author":[{"embeddable":true,"href":"https:\/\/encuentroinformativo.com.mx\/index.php?rest_route=\/wp\/v2\/users\/1"}],"replies":[{"embeddable":true,"href":"https:\/\/encuentroinformativo.com.mx\/index.php?rest_route=%2Fwp%2Fv2%2Fcomments&post=25144"}],"version-history":[{"count":1,"href":"https:\/\/encuentroinformativo.com.mx\/index.php?rest_route=\/wp\/v2\/posts\/25144\/revisions"}],"predecessor-version":[{"id":25146,"href":"https:\/\/encuentroinformativo.com.mx\/index.php?rest_route=\/wp\/v2\/posts\/25144\/revisions\/25146"}],"wp:featuredmedia":[{"embeddable":true,"href":"https:\/\/encuentroinformativo.com.mx\/index.php?rest_route=\/wp\/v2\/media\/25145"}],"wp:attachment":[{"href":"https:\/\/encuentroinformativo.com.mx\/index.php?rest_route=%2Fwp%2Fv2%2Fmedia&parent=25144"}],"wp:term":[{"taxonomy":"category","embeddable":true,"href":"https:\/\/encuentroinformativo.com.mx\/index.php?rest_route=%2Fwp%2Fv2%2Fcategories&post=25144"},{"taxonomy":"post_tag","embeddable":true,"href":"https:\/\/encuentroinformativo.com.mx\/index.php?rest_route=%2Fwp%2Fv2%2Ftags&post=25144"}],"curies":[{"name":"wp","href":"https:\/\/api.w.org\/{rel}","templated":true}]}}