{"id":25150,"date":"2022-03-25T11:50:48","date_gmt":"2022-03-25T17:50:48","guid":{"rendered":"https:\/\/encuentroinformativo.com.mx\/?p=25150"},"modified":"2022-03-25T11:50:51","modified_gmt":"2022-03-25T17:50:51","slug":"pandemia-afecto-a-productores-de-aguacate","status":"publish","type":"post","link":"https:\/\/encuentroinformativo.com.mx\/?p=25150","title":{"rendered":"Pandemia afect\u00f3 a productores de aguacate"},"content":{"rendered":"\n<p><strong>Dar\u00edo Pale <\/strong><\/p>\n\n\n\n<p>Xalapa, Ver.- Katia de Jes\u00fas Loesa Merino productora de aguacate Hass de la finca &#8220;El Izote&#8221;, dio a conocer que muchos productores abandonaron sus cultivos debido a la pandemia y a los bajos precios por el bloqueo en la frontera con Estados Unidos.<\/p>\n\n\n\n<p>En entrevista se\u00f1al\u00f3 que ellos cuentan con una extensi\u00f3n de seis hect\u00e1reas, vend\u00edan \u00a0su producto en Huixcolotla en el estado de Puebla, pero debido a la pandemia lo tuvieron que sacar a vender en distintos lugares de Veracruz.<\/p>\n\n\n\n<p>Los precios han estado bajando ya que lo pod\u00edan vender en 35 y les bajaba a 20 pesos por mayoreo, pero debido a la pandemia ha estado muy bajo, tambi\u00e9n en parte se debe a &#8220;coyotaje&#8221; estos pueden ganar desde un peso por kilo peo por tonelada ganan m\u00e1s, adem\u00e1s de que el aguacate de Veracruz a\u00fan no se puede exportar.<\/p>\n\n\n\n<p>A dos a\u00f1os de la pandemia sufrieron una crisis ya que el aguacate no es parte de la canasta b\u00e1sica, y eso les provoc\u00f3 una ca\u00edda, adem\u00e1s de que en el mercado internacional estuvo vetado y no se pod\u00eda vender a Estados Unidos y eso afect\u00f3 mucho el precio.<\/p>\n\n\n\n<p>Finalmente dio a conocer que muchos de los productores de esa zona abandonaron sus cultivos ya que no hab\u00eda producci\u00f3n y mercado, ellos tuvieron que vender en verduler\u00edas y restaurantes para poder sacar su producto.<\/p>\n","protected":false},"excerpt":{"rendered":"<p>Dar\u00edo Pale Xalapa, Ver.- Katia de Jes\u00fas Loesa Merino productora de aguacate Hass de la finca &#8220;El Izote&#8221;, dio a conocer que muchos productores abandonaron sus cultivos debido a la pandemia y a los bajos precios por el bloqueo en la frontera con Estados Unidos. En entrevista se\u00f1al\u00f3 que ellos cuentan con una extensi\u00f3n de [&hellip;]<\/p>\n","protected":false},"author":1,"featured_media":25151,"comment_status":"open","ping_status":"open","sticky":false,"template":"","format":"standard","meta":{"_jetpack_memberships_contains_paid_content":false,"footnotes":""},"categories":[2],"tags":[],"class_list":["post-25150","post","type-post","status-publish","format-standard","has-post-thumbnail","hentry","category-estado"],"jetpack_featured_media_url":"https:\/\/encuentroinformativo.com.mx\/wp-content\/uploads\/2022\/03\/5F5AA162-9DC3-414D-ABBB-690895C08109.jpeg","jetpack_sharing_enabled":true,"jetpack_likes_enabled":true,"amp_enabled":true,"_links":{"self":[{"href":"https:\/\/encuentroinformativo.com.mx\/index.php?rest_route=\/wp\/v2\/posts\/25150","targetHints":{"allow":["GET"]}}],"collection":[{"href":"https:\/\/encuentroinformativo.com.mx\/index.php?rest_route=\/wp\/v2\/posts"}],"about":[{"href":"https:\/\/encuentroinformativo.com.mx\/index.php?rest_route=\/wp\/v2\/types\/post"}],"author":[{"embeddable":true,"href":"https:\/\/encuentroinformativo.com.mx\/index.php?rest_route=\/wp\/v2\/users\/1"}],"replies":[{"embeddable":true,"href":"https:\/\/encuentroinformativo.com.mx\/index.php?rest_route=%2Fwp%2Fv2%2Fcomments&post=25150"}],"version-history":[{"count":1,"href":"https:\/\/encuentroinformativo.com.mx\/index.php?rest_route=\/wp\/v2\/posts\/25150\/revisions"}],"predecessor-version":[{"id":25152,"href":"https:\/\/encuentroinformativo.com.mx\/index.php?rest_route=\/wp\/v2\/posts\/25150\/revisions\/25152"}],"wp:featuredmedia":[{"embeddable":true,"href":"https:\/\/encuentroinformativo.com.mx\/index.php?rest_route=\/wp\/v2\/media\/25151"}],"wp:attachment":[{"href":"https:\/\/encuentroinformativo.com.mx\/index.php?rest_route=%2Fwp%2Fv2%2Fmedia&parent=25150"}],"wp:term":[{"taxonomy":"category","embeddable":true,"href":"https:\/\/encuentroinformativo.com.mx\/index.php?rest_route=%2Fwp%2Fv2%2Fcategories&post=25150"},{"taxonomy":"post_tag","embeddable":true,"href":"https:\/\/encuentroinformativo.com.mx\/index.php?rest_route=%2Fwp%2Fv2%2Ftags&post=25150"}],"curies":[{"name":"wp","href":"https:\/\/api.w.org\/{rel}","templated":true}]}}