{"id":25153,"date":"2022-03-25T11:57:10","date_gmt":"2022-03-25T17:57:10","guid":{"rendered":"https:\/\/encuentroinformativo.com.mx\/?p=25153"},"modified":"2022-03-25T11:57:12","modified_gmt":"2022-03-25T17:57:12","slug":"cambios-en-turismo-por-temas-de-salud-gobernador","status":"publish","type":"post","link":"https:\/\/encuentroinformativo.com.mx\/?p=25153","title":{"rendered":"Cambios en turismo por temas de salud: Gobernador"},"content":{"rendered":"\n<p>Xalapa, Ver.- El gobernador Cuitl\u00e1huac Garc\u00eda Jim\u00e9nez descart\u00f3 que la renuncia de la ex titular de Secretar\u00eda de Turismo y Cultura, Xochitl Arbes\u00fa Lago fuera por los resultados de Cumbre Taj\u00edn, expres\u00f3 que su salida fue a un tema de salud.<\/p>\n\n\n\n<p>En conferencia de prensa, se\u00f1al\u00f3 que la ahora ex funcionaria requer\u00eda de tiempo para poder tratarse un tema de salud y debido a la \u201cpresi\u00f3n\u201d que existe en los cargos p\u00fablicos opt\u00f3 por renunciar al mismo. <\/p>\n","protected":false},"excerpt":{"rendered":"<p>Xalapa, Ver.- El gobernador Cuitl\u00e1huac Garc\u00eda Jim\u00e9nez descart\u00f3 que la renuncia de la ex titular de Secretar\u00eda de Turismo y Cultura, Xochitl Arbes\u00fa Lago fuera por los resultados de Cumbre Taj\u00edn, expres\u00f3 que su salida fue a un tema de salud. En conferencia de prensa, se\u00f1al\u00f3 que la ahora ex funcionaria requer\u00eda de tiempo para [&hellip;]<\/p>\n","protected":false},"author":1,"featured_media":25154,"comment_status":"open","ping_status":"open","sticky":false,"template":"","format":"standard","meta":{"_jetpack_memberships_contains_paid_content":false,"footnotes":""},"categories":[2],"tags":[],"class_list":["post-25153","post","type-post","status-publish","format-standard","has-post-thumbnail","hentry","category-estado"],"jetpack_featured_media_url":"https:\/\/encuentroinformativo.com.mx\/wp-content\/uploads\/2022\/03\/B9CC0EA1-318F-449D-ADC1-269379E7FA6F.jpeg","jetpack_sharing_enabled":true,"jetpack_likes_enabled":true,"amp_enabled":true,"_links":{"self":[{"href":"https:\/\/encuentroinformativo.com.mx\/index.php?rest_route=\/wp\/v2\/posts\/25153","targetHints":{"allow":["GET"]}}],"collection":[{"href":"https:\/\/encuentroinformativo.com.mx\/index.php?rest_route=\/wp\/v2\/posts"}],"about":[{"href":"https:\/\/encuentroinformativo.com.mx\/index.php?rest_route=\/wp\/v2\/types\/post"}],"author":[{"embeddable":true,"href":"https:\/\/encuentroinformativo.com.mx\/index.php?rest_route=\/wp\/v2\/users\/1"}],"replies":[{"embeddable":true,"href":"https:\/\/encuentroinformativo.com.mx\/index.php?rest_route=%2Fwp%2Fv2%2Fcomments&post=25153"}],"version-history":[{"count":1,"href":"https:\/\/encuentroinformativo.com.mx\/index.php?rest_route=\/wp\/v2\/posts\/25153\/revisions"}],"predecessor-version":[{"id":25155,"href":"https:\/\/encuentroinformativo.com.mx\/index.php?rest_route=\/wp\/v2\/posts\/25153\/revisions\/25155"}],"wp:featuredmedia":[{"embeddable":true,"href":"https:\/\/encuentroinformativo.com.mx\/index.php?rest_route=\/wp\/v2\/media\/25154"}],"wp:attachment":[{"href":"https:\/\/encuentroinformativo.com.mx\/index.php?rest_route=%2Fwp%2Fv2%2Fmedia&parent=25153"}],"wp:term":[{"taxonomy":"category","embeddable":true,"href":"https:\/\/encuentroinformativo.com.mx\/index.php?rest_route=%2Fwp%2Fv2%2Fcategories&post=25153"},{"taxonomy":"post_tag","embeddable":true,"href":"https:\/\/encuentroinformativo.com.mx\/index.php?rest_route=%2Fwp%2Fv2%2Ftags&post=25153"}],"curies":[{"name":"wp","href":"https:\/\/api.w.org\/{rel}","templated":true}]}}