{"id":25159,"date":"2022-03-25T13:03:15","date_gmt":"2022-03-25T19:03:15","guid":{"rendered":"https:\/\/encuentroinformativo.com.mx\/?p=25159"},"modified":"2022-03-25T13:03:18","modified_gmt":"2022-03-25T19:03:18","slug":"habra-ley-seca-en-municipios-con-elecciones-extraordinarias","status":"publish","type":"post","link":"https:\/\/encuentroinformativo.com.mx\/?p=25159","title":{"rendered":"Habr\u00e1 Ley Seca en municipios con elecciones extraordinarias"},"content":{"rendered":"\n<p><strong>Dar\u00edo Pale<\/strong><\/p>\n\n\n\n<p>Xalapa, Ver.- El gobernador de Veracruz Cuitl\u00e1huac Garc\u00eda Jim\u00e9nez dio a conocer que en los cuatro municipios donde se realizar\u00e1n elecciones extraordinarias del pr\u00f3ximo domingo habr\u00e1 ley seca, como es en Chiconamel, Tlacotepec de Mej\u00eda, Jes\u00fas Carranza y Amatitl\u00e1n.<\/p>\n\n\n\n<p>En conferencia de prensa se\u00f1al\u00f3 que el Organismo P\u00fablico Local Electoral (OPLE), solicit\u00f3 el apoyo para el resguardo y seguridad de los municipios donde se celebrar\u00e1n \u00a0los comicios &#8220;con la mayor paz posible&#8221;, no obstante coment\u00f3 que ya presentaron al \u00f3rgano local el operativo de seguridad este jueves.<\/p>\n\n\n\n<p>El titular del Ejecutivo inform\u00f3 que la Ley Seca para esos cuatro municipios se har\u00e1 a trav\u00e9s de un decreto que se publicar\u00e1 a partir de este d\u00eda, adem\u00e1s de que neg\u00f3 que haya alg\u00fan foco rojo en materia de seguridad en esos cuatro lugares, pero dijo que &#8220;est\u00e1n m\u00e1s o menos tranquilos&#8221;.<\/p>\n\n\n\n<p>Finalmente dio a conocer que una elecci\u00f3n municipal siempre es muy disputada, toda vez que se trata del primer orden de gobierno, el m\u00e1s cercano a la gente y hay mucho inter\u00e9s de la poblaci\u00f3n por participar y elegir a sus autoridades.<\/p>\n\n\n\n<p><strong>Deuda Duarte<\/strong><\/p>\n\n\n\n<p>En otro orden de ideas, el ejecutivo estatal se\u00f1al\u00f3 que el exgobernador Duarte le quiere echar la bolita al Congreso, pero hubo omisi\u00f3n y complicidad en el manejo de la deuda, esto referente al comentario del ex mandatario veracruzano, \u201ces una estrategia de su defensa echarle la bolita al Congreso del estado\u201d.<\/p>\n\n\n\n<p>En conferencia de prensa el Gobernador del estado, Cuitl\u00e1huac Garc\u00eda Jim\u00e9nez, coment\u00f3 que, \u201cJavier Duarte se va a defender y dir\u00e1 lo que quiera decir y tendr\u00e1 que defenderse legalmente\u201d.<\/p>\n\n\n\n<p>Dio a conocer que las investigaciones contra los ex funcionarios van en el sentido del mal manejo de la deuda que caus\u00f3 da\u00f1o patrimonial y en ese tema ya se tienen en curso todas las demandas.<\/p>\n\n\n\n<p>\u201cLo que solicite es que se investigara la probable colusion de algunos ex funcionarios, de haber aceptado de algunos particulares pagos, para que se les aceptaran deudas sin haber completado todos los requisitos\u201d, se\u00f1al\u00f3.<\/p>\n\n\n\n<p>El mandatario estatal mencion\u00f3 que hubo ex funcionarios que en lugar de cuestionar las supuestas deudas y exigir que se demostrara la veracidad de lo que estaban exigiendo, les aceptaban la deuda sin problema alguno.<\/p>\n\n\n\n<p>\u201cLe reconocieron el dicho del demandante de pago y perdieron el juicio, lleg\u00f3 a la suprema corte y la suprema corte sentencia p\u00e1gale\u201d, coment\u00f3.<\/p>\n\n\n\n<p>Dijo que no est\u00e1 cuestionando la deuda sino el mal uso de la misma, pues al iniciar su administraci\u00f3n verificaron los fallos de los jueces y se dieron cuenta que los ex funcionarios nunca exigieron pruebas a los particulares que reclamaban deuda, por lo que presume hubo un \u201carreglo\u201d.<\/p>\n\n\n\n<p>\u201cHubo un arreglo entre ex funcionarios y los particulares, en la sentencia de cada caso, no exigieron, no se cubrieran todos los tr\u00e1mites, no pidieron las pruebas fehacientes de lo que el demandante reclamaba\u201d, acus\u00f3.<\/p>\n\n\n\n<p>Insisti\u00f3 que no solamente existi\u00f3 omisi\u00f3n por parte de los ex funcionarios de las dos \u00faltimas administraciones, sino que tambi\u00e9n hubo complicidad.<\/p>\n\n\n\n<p>\u201cNo s\u00f3lo es omisi\u00f3n \u00a0sino que hay complicidad. Hubo un arreglo entre Osorio Chong, Yunes y Duarte sobre ese tema, fingieron que iban hacer justicia y fue finalmente un arreglo\u201d, finaliz\u00f3.<\/p>\n","protected":false},"excerpt":{"rendered":"<p>Dar\u00edo Pale Xalapa, Ver.- El gobernador de Veracruz Cuitl\u00e1huac Garc\u00eda Jim\u00e9nez dio a conocer que en los cuatro municipios donde se realizar\u00e1n elecciones extraordinarias del pr\u00f3ximo domingo habr\u00e1 ley seca, como es en Chiconamel, Tlacotepec de Mej\u00eda, Jes\u00fas Carranza y Amatitl\u00e1n. En conferencia de prensa se\u00f1al\u00f3 que el Organismo P\u00fablico Local Electoral (OPLE), solicit\u00f3 el [&hellip;]<\/p>\n","protected":false},"author":1,"featured_media":2152,"comment_status":"open","ping_status":"open","sticky":false,"template":"","format":"standard","meta":{"_jetpack_memberships_contains_paid_content":false,"footnotes":""},"categories":[2],"tags":[],"class_list":["post-25159","post","type-post","status-publish","format-standard","has-post-thumbnail","hentry","category-estado"],"jetpack_featured_media_url":"https:\/\/encuentroinformativo.com.mx\/wp-content\/uploads\/2020\/04\/B6FFCB08-1E11-4B44-96A3-6C37F1B3B322.jpeg","jetpack_sharing_enabled":true,"jetpack_likes_enabled":true,"amp_enabled":true,"_links":{"self":[{"href":"https:\/\/encuentroinformativo.com.mx\/index.php?rest_route=\/wp\/v2\/posts\/25159","targetHints":{"allow":["GET"]}}],"collection":[{"href":"https:\/\/encuentroinformativo.com.mx\/index.php?rest_route=\/wp\/v2\/posts"}],"about":[{"href":"https:\/\/encuentroinformativo.com.mx\/index.php?rest_route=\/wp\/v2\/types\/post"}],"author":[{"embeddable":true,"href":"https:\/\/encuentroinformativo.com.mx\/index.php?rest_route=\/wp\/v2\/users\/1"}],"replies":[{"embeddable":true,"href":"https:\/\/encuentroinformativo.com.mx\/index.php?rest_route=%2Fwp%2Fv2%2Fcomments&post=25159"}],"version-history":[{"count":1,"href":"https:\/\/encuentroinformativo.com.mx\/index.php?rest_route=\/wp\/v2\/posts\/25159\/revisions"}],"predecessor-version":[{"id":25160,"href":"https:\/\/encuentroinformativo.com.mx\/index.php?rest_route=\/wp\/v2\/posts\/25159\/revisions\/25160"}],"wp:featuredmedia":[{"embeddable":true,"href":"https:\/\/encuentroinformativo.com.mx\/index.php?rest_route=\/wp\/v2\/media\/2152"}],"wp:attachment":[{"href":"https:\/\/encuentroinformativo.com.mx\/index.php?rest_route=%2Fwp%2Fv2%2Fmedia&parent=25159"}],"wp:term":[{"taxonomy":"category","embeddable":true,"href":"https:\/\/encuentroinformativo.com.mx\/index.php?rest_route=%2Fwp%2Fv2%2Fcategories&post=25159"},{"taxonomy":"post_tag","embeddable":true,"href":"https:\/\/encuentroinformativo.com.mx\/index.php?rest_route=%2Fwp%2Fv2%2Ftags&post=25159"}],"curies":[{"name":"wp","href":"https:\/\/api.w.org\/{rel}","templated":true}]}}