{"id":25164,"date":"2022-03-25T14:41:36","date_gmt":"2022-03-25T20:41:36","guid":{"rendered":"https:\/\/encuentroinformativo.com.mx\/?p=25164"},"modified":"2022-03-25T14:41:39","modified_gmt":"2022-03-25T20:41:39","slug":"anuncian-foro-sobre-reforma-electrica-en-cardel","status":"publish","type":"post","link":"https:\/\/encuentroinformativo.com.mx\/?p=25164","title":{"rendered":"Anuncian foro sobre Reforma El\u00e9ctrica en Cardel"},"content":{"rendered":"\n<p><strong>Juan Arcos <\/strong><\/p>\n\n\n\n<p>Xalapa, Ver.- Se estima la participaci\u00f3n de m\u00e1s de 3 mil personas en el foro regional sobre la reforma el\u00e9ctrica, organizado por diversas asociaciones civiles del estado de Veracruz.\u00a0<br>Se trata de las agrupaciones La Leyenda de Chucho el Roto, Grupo Social Activo, Coste\u00f1os Unidos y la Resistencia del Sur de Veracruz.<\/p>\n\n\n\n<p>El evento tendr\u00e1 lugar en la ciudad Cardel a las 10 horas del pr\u00f3ximo domingo 27 de marzo, donde se espera la llegada de pobladores de Actopan, La Antigua, Emiliano Zapata, Alto Lucero, \u00darsulo Galv\u00e1n, Juchique de Ferrer y Tepetl\u00e1n.<\/p>\n\n\n\n<p>De acuerdo con el secretario general de La Leyenda de Chucho el Roto, Jorge Morales Barradas, el canciller Marcelo Ebrard ha sido el enlace directo de esta organizaci\u00f3n con el gobierno federal.<\/p>\n\n\n\n<p>El entrevistado record\u00f3 que entre las demandas se encuentra que la electricidad sea un derecho humano, la reclasificaci\u00f3n de las tarifas por parte de la Comisi\u00f3n Federal de Electricidad (CFE), la condonaci\u00f3n de presuntos adeudos a algunas familias y el mejoramiento de las rutas de evacuaci\u00f3n en la zona de la planta nucleoel\u00e9ctrica de Laguna Verde.<\/p>\n\n\n\n<p>\u201cSon los mismos objetivos que nosotros hemos planteado desde hace m\u00e1s de 15 a\u00f1os. El d\u00eda de hoy hubo respuesta favorable por parte de los diputados federales y se va a dar a conocer el d\u00eda domingo\u201d, expres\u00f3.<\/p>\n\n\n\n<p>El tambi\u00e9n vocero del movimiento de resistencia civil La Leyenda de Chucho el Roto record\u00f3 que se ha solicitado al presidente de la Rep\u00fablica, Andr\u00e9s Manuel L\u00f3pez Obrador, que emita un decreto para establecer la tarifa \u00fanica de CFE, misma que \u00e9l denomin\u00f3 \u201ctarifa del bienestar\u201d.<\/p>\n\n\n\n<p>\u201cNosotros marcamos hace un a\u00f1o la tarifa \u00fanica, de hecho en una reuni\u00f3n en Jalcomulco yo bautic\u00e9 esa tarifa \u00fanica como tarifa del bienestar, por ello mencion\u00e9 hace un momento este enlace directo con Presidencia de la Rep\u00fablica, por medio de Marcelo Ebrard, y esa tarifa sea para todas las familias en la Rep\u00fablica con un costo de 80 centavos el kilowatt\u201d, enfatiz\u00f3.<\/p>\n","protected":false},"excerpt":{"rendered":"<p>Juan Arcos Xalapa, Ver.- Se estima la participaci\u00f3n de m\u00e1s de 3 mil personas en el foro regional sobre la reforma el\u00e9ctrica, organizado por diversas asociaciones civiles del estado de Veracruz.\u00a0Se trata de las agrupaciones La Leyenda de Chucho el Roto, Grupo Social Activo, Coste\u00f1os Unidos y la Resistencia del Sur de Veracruz. El evento [&hellip;]<\/p>\n","protected":false},"author":1,"featured_media":25165,"comment_status":"open","ping_status":"open","sticky":false,"template":"","format":"standard","meta":{"_jetpack_memberships_contains_paid_content":false,"footnotes":""},"categories":[8],"tags":[],"class_list":["post-25164","post","type-post","status-publish","format-standard","has-post-thumbnail","hentry","category-region"],"jetpack_featured_media_url":"https:\/\/encuentroinformativo.com.mx\/wp-content\/uploads\/2022\/03\/134F8C0B-D135-422C-99CB-9C39050BC169.jpeg","jetpack_sharing_enabled":true,"jetpack_likes_enabled":true,"amp_enabled":true,"_links":{"self":[{"href":"https:\/\/encuentroinformativo.com.mx\/index.php?rest_route=\/wp\/v2\/posts\/25164","targetHints":{"allow":["GET"]}}],"collection":[{"href":"https:\/\/encuentroinformativo.com.mx\/index.php?rest_route=\/wp\/v2\/posts"}],"about":[{"href":"https:\/\/encuentroinformativo.com.mx\/index.php?rest_route=\/wp\/v2\/types\/post"}],"author":[{"embeddable":true,"href":"https:\/\/encuentroinformativo.com.mx\/index.php?rest_route=\/wp\/v2\/users\/1"}],"replies":[{"embeddable":true,"href":"https:\/\/encuentroinformativo.com.mx\/index.php?rest_route=%2Fwp%2Fv2%2Fcomments&post=25164"}],"version-history":[{"count":1,"href":"https:\/\/encuentroinformativo.com.mx\/index.php?rest_route=\/wp\/v2\/posts\/25164\/revisions"}],"predecessor-version":[{"id":25166,"href":"https:\/\/encuentroinformativo.com.mx\/index.php?rest_route=\/wp\/v2\/posts\/25164\/revisions\/25166"}],"wp:featuredmedia":[{"embeddable":true,"href":"https:\/\/encuentroinformativo.com.mx\/index.php?rest_route=\/wp\/v2\/media\/25165"}],"wp:attachment":[{"href":"https:\/\/encuentroinformativo.com.mx\/index.php?rest_route=%2Fwp%2Fv2%2Fmedia&parent=25164"}],"wp:term":[{"taxonomy":"category","embeddable":true,"href":"https:\/\/encuentroinformativo.com.mx\/index.php?rest_route=%2Fwp%2Fv2%2Fcategories&post=25164"},{"taxonomy":"post_tag","embeddable":true,"href":"https:\/\/encuentroinformativo.com.mx\/index.php?rest_route=%2Fwp%2Fv2%2Ftags&post=25164"}],"curies":[{"name":"wp","href":"https:\/\/api.w.org\/{rel}","templated":true}]}}