{"id":25167,"date":"2022-03-25T15:10:07","date_gmt":"2022-03-25T21:10:07","guid":{"rendered":"https:\/\/encuentroinformativo.com.mx\/?p=25167"},"modified":"2022-03-25T20:44:15","modified_gmt":"2022-03-26T02:44:15","slug":"taxista-se-desmaya-e-impacta-en-pleno-centro","status":"publish","type":"post","link":"https:\/\/encuentroinformativo.com.mx\/?p=25167","title":{"rendered":"Taxista se desmaya e impacta en pleno centro"},"content":{"rendered":"\n<p><strong>Juan Arcos<\/strong><\/p>\n\n\n\n<p>Xalapa, Ver.- Un taxista se desmay\u00f3 e impact\u00f3 su unidad contra uno de los bolardos que se encuentran sobre la calle Doctor Rafael Lucio, en el Centro Hist\u00f3rico de esta ciudad de Xalapa.<\/p>\n\n\n\n<p>Los hechos ocurrieron despu\u00e9s de las 14:00 horas de este viernes 25 de marzo, casi en la esquina con la calle Juan de la Luz Enr\u00edquez, frente al Palacio de Gobierno.<\/p>\n\n\n\n<p>El chofer perdi\u00f3 el conocimiento y, por ende, el control del taxi, color blanco con verde, con n\u00famero econ\u00f3mico XL-6552, de la regi\u00f3n de Xalapa.<\/p>\n\n\n\n<p>Al sitio arribaron elementos de la Polic\u00eda Municipal para auxiliar al conductor y resguardar la zona, con la finalidad de evitar otro percance.<\/p>\n\n\n\n<p>Los oficiales solicitaron la presencia de param\u00e9dicos para brindar la atenci\u00f3n m\u00e9dica al hombre, de 35 a\u00f1os, quien posteriormente recuper\u00f3 el conocimiento y se identific\u00f3 como Alejandro.<\/p>\n\n\n\n<p>Al lugar lleg\u00f3 la ambulancia n\u00famero 865 de la Direcci\u00f3n de Protecci\u00f3n Civil del ayuntamiento de Xalapa, quienes le brindaron los primeros auxilios.<\/p>\n\n\n\n<p>En la unidad de transporte p\u00fablico viajaba una pasajera, quien afortunadamente result\u00f3 ilesa.<\/p>\n\n\n\n<figure class=\"wp-block-image size-large\"><img loading=\"lazy\" decoding=\"async\" width=\"1024\" height=\"768\" src=\"https:\/\/encuentroinformativo.com.mx\/wp-content\/uploads\/2022\/03\/37BBFE1D-F701-464C-A9E8-8D02515C3E6E-1024x768.jpeg\" alt=\"\" class=\"wp-image-25168\" srcset=\"https:\/\/encuentroinformativo.com.mx\/wp-content\/uploads\/2022\/03\/37BBFE1D-F701-464C-A9E8-8D02515C3E6E-1024x768.jpeg 1024w, https:\/\/encuentroinformativo.com.mx\/wp-content\/uploads\/2022\/03\/37BBFE1D-F701-464C-A9E8-8D02515C3E6E-300x225.jpeg 300w, https:\/\/encuentroinformativo.com.mx\/wp-content\/uploads\/2022\/03\/37BBFE1D-F701-464C-A9E8-8D02515C3E6E-768x576.jpeg 768w, https:\/\/encuentroinformativo.com.mx\/wp-content\/uploads\/2022\/03\/37BBFE1D-F701-464C-A9E8-8D02515C3E6E-1536x1152.jpeg 1536w, https:\/\/encuentroinformativo.com.mx\/wp-content\/uploads\/2022\/03\/37BBFE1D-F701-464C-A9E8-8D02515C3E6E.jpeg 1600w\" sizes=\"auto, (max-width: 1024px) 100vw, 1024px\" \/><\/figure>\n","protected":false},"excerpt":{"rendered":"<p>Juan Arcos Xalapa, Ver.- Un taxista se desmay\u00f3 e impact\u00f3 su unidad contra uno de los bolardos que se encuentran sobre la calle Doctor Rafael Lucio, en el Centro Hist\u00f3rico de esta ciudad de Xalapa. Los hechos ocurrieron despu\u00e9s de las 14:00 horas de este viernes 25 de marzo, casi en la esquina con la [&hellip;]<\/p>\n","protected":false},"author":1,"featured_media":25179,"comment_status":"open","ping_status":"open","sticky":false,"template":"","format":"standard","meta":{"_jetpack_memberships_contains_paid_content":false,"footnotes":""},"categories":[3],"tags":[],"class_list":["post-25167","post","type-post","status-publish","format-standard","has-post-thumbnail","hentry","category-xalapa"],"jetpack_featured_media_url":"https:\/\/encuentroinformativo.com.mx\/wp-content\/uploads\/2022\/03\/DD9805F9-EAEE-45C0-A759-DB7896CDCA55.jpeg","jetpack_sharing_enabled":true,"jetpack_likes_enabled":true,"amp_enabled":true,"_links":{"self":[{"href":"https:\/\/encuentroinformativo.com.mx\/index.php?rest_route=\/wp\/v2\/posts\/25167","targetHints":{"allow":["GET"]}}],"collection":[{"href":"https:\/\/encuentroinformativo.com.mx\/index.php?rest_route=\/wp\/v2\/posts"}],"about":[{"href":"https:\/\/encuentroinformativo.com.mx\/index.php?rest_route=\/wp\/v2\/types\/post"}],"author":[{"embeddable":true,"href":"https:\/\/encuentroinformativo.com.mx\/index.php?rest_route=\/wp\/v2\/users\/1"}],"replies":[{"embeddable":true,"href":"https:\/\/encuentroinformativo.com.mx\/index.php?rest_route=%2Fwp%2Fv2%2Fcomments&post=25167"}],"version-history":[{"count":1,"href":"https:\/\/encuentroinformativo.com.mx\/index.php?rest_route=\/wp\/v2\/posts\/25167\/revisions"}],"predecessor-version":[{"id":25169,"href":"https:\/\/encuentroinformativo.com.mx\/index.php?rest_route=\/wp\/v2\/posts\/25167\/revisions\/25169"}],"wp:featuredmedia":[{"embeddable":true,"href":"https:\/\/encuentroinformativo.com.mx\/index.php?rest_route=\/wp\/v2\/media\/25179"}],"wp:attachment":[{"href":"https:\/\/encuentroinformativo.com.mx\/index.php?rest_route=%2Fwp%2Fv2%2Fmedia&parent=25167"}],"wp:term":[{"taxonomy":"category","embeddable":true,"href":"https:\/\/encuentroinformativo.com.mx\/index.php?rest_route=%2Fwp%2Fv2%2Fcategories&post=25167"},{"taxonomy":"post_tag","embeddable":true,"href":"https:\/\/encuentroinformativo.com.mx\/index.php?rest_route=%2Fwp%2Fv2%2Ftags&post=25167"}],"curies":[{"name":"wp","href":"https:\/\/api.w.org\/{rel}","templated":true}]}}