{"id":2517,"date":"2020-05-13T17:01:26","date_gmt":"2020-05-13T22:01:26","guid":{"rendered":"https:\/\/encuentroinformativo.com\/?p=2517"},"modified":"2020-05-13T17:01:29","modified_gmt":"2020-05-13T22:01:29","slug":"integrantes-de-la-comunidad-sorda-se-quedan-sin-empleos-piden-apoyo-de-las-autoridades","status":"publish","type":"post","link":"https:\/\/encuentroinformativo.com.mx\/?p=2517","title":{"rendered":"Integrantes de la comunidad sorda se quedan sin empleos, piden apoyo de las autoridades"},"content":{"rendered":"\n<p><strong>Juan Arcos\/Dar\u00edo Pale <\/strong><\/p>\n\n\n\n<p>Xalapa, Ver.- Un grupo de personas con discapacidad protest\u00f3 afuera de Palacio de Gobierno para exigir apoyos a las autoridades, toda vez que tambi\u00e9n este sector se vio muy afectado por la pandemia del coronavirus.<\/p>\n\n\n\n<p>Se trata de integrantes de la Comunidad Sorda del Estado de Veracruz, quienes fueron despedidos de sus trabajos y carecen de recursos econ\u00f3micos para cubrir sus necesidades b\u00e1sicas.<br>Sus familias carecen del sustento diario y, por ello, decidieron acudir al recinto del Poder Ejecutivo, en busca de ayuda.<\/p>\n\n\n\n<p>A trav\u00e9s de un int\u00e9rprete de se\u00f1as, mencionaron que dif\u00edcilmente logran acceder a informaci\u00f3n sobre la contingencia sanitaria y el contagio del SARS-CoV-2.<\/p>\n\n\n\n<p>&#8220;Ellos no saben qu\u00e9 est\u00e1 pasando en el estado de Veracruz, porque la informaci\u00f3n de Salud no es a trav\u00e9s de su lengua materna, sino una lengua oficial, y requieren apoyos econ\u00f3micos por la situaci\u00f3n dif\u00edcil&#8221;.<\/p>\n\n\n\n<p>\u201cHace dos meses que no tienen informaci\u00f3n sobre el Coronavirus. Hace cuatro meses que empez\u00f3 y no tienen trabajo, tienen escasez econ\u00f3mica y necesitan este apoyo\u201d, expres\u00f3 el int\u00e9rprete.<\/p>\n\n\n\n<p>Coment\u00f3 que las personas con discapacidad tambi\u00e9n requieren informaci\u00f3n sobre las medidas sanitarias que deben emplear para evitar la propagaci\u00f3n del virus.<\/p>\n\n\n\n<p>Tambi\u00e9n urgieron que se incluya el lenguaje de se\u00f1as en la informaci\u00f3n sobre la enfermedad Covid-19, pues hasta ahora no se ha adecuado, por lo que pr\u00e1cticamente son ajenos a lo que ocurre diariamente en relaci\u00f3n a la pandemia.<\/p>\n\n\n\n<p>Advirtieron que la comunidad enfrenta el doble reto de sufrir una discapacidad y no saber qu\u00e9 est\u00e1 pasando, ni como atender la situaci\u00f3n econ\u00f3mica, &#8220;es un doble desaf\u00edo que enfrenta la comunidad sorda y la comunidad con discapacidad; no es ver qu\u00e9 les toca, sino que es un sentido de justicia y de unidad&#8221;.<\/p>\n\n\n\n<p>Adem\u00e1s, extern\u00f3 que las madres y padres de familia de la comunidad sorda no han podido acceder a las clases en l\u00ednea de la Secretar\u00eda de Educaci\u00f3n de Veracruz (SEV).<\/p>\n\n\n\n<p>Finalmente, el int\u00e9rprete critic\u00f3 que la informaci\u00f3n transmitida por los docentes sea \u00fanicamente oral, pues debe haber personal capacitado para dirigirse a la comunidad sorda.<\/p>\n\n\n\n<p><\/p>\n","protected":false},"excerpt":{"rendered":"<p>Juan Arcos\/Dar\u00edo Pale Xalapa, Ver.- Un grupo de personas con discapacidad protest\u00f3 afuera de Palacio de Gobierno para exigir apoyos a las autoridades, toda vez que tambi\u00e9n este sector se vio muy afectado por la pandemia del coronavirus. Se trata de integrantes de la Comunidad Sorda del Estado de Veracruz, quienes fueron despedidos de sus [&hellip;]<\/p>\n","protected":false},"author":1,"featured_media":2518,"comment_status":"open","ping_status":"open","sticky":false,"template":"","format":"standard","meta":{"_jetpack_memberships_contains_paid_content":false,"footnotes":""},"categories":[3],"tags":[],"class_list":["post-2517","post","type-post","status-publish","format-standard","has-post-thumbnail","hentry","category-xalapa"],"jetpack_featured_media_url":"https:\/\/encuentroinformativo.com.mx\/wp-content\/uploads\/2020\/05\/6604A57A-0A89-469B-A1AE-D2FBBE5F0B0D.jpeg","jetpack_sharing_enabled":true,"jetpack_likes_enabled":true,"amp_enabled":true,"_links":{"self":[{"href":"https:\/\/encuentroinformativo.com.mx\/index.php?rest_route=\/wp\/v2\/posts\/2517","targetHints":{"allow":["GET"]}}],"collection":[{"href":"https:\/\/encuentroinformativo.com.mx\/index.php?rest_route=\/wp\/v2\/posts"}],"about":[{"href":"https:\/\/encuentroinformativo.com.mx\/index.php?rest_route=\/wp\/v2\/types\/post"}],"author":[{"embeddable":true,"href":"https:\/\/encuentroinformativo.com.mx\/index.php?rest_route=\/wp\/v2\/users\/1"}],"replies":[{"embeddable":true,"href":"https:\/\/encuentroinformativo.com.mx\/index.php?rest_route=%2Fwp%2Fv2%2Fcomments&post=2517"}],"version-history":[{"count":1,"href":"https:\/\/encuentroinformativo.com.mx\/index.php?rest_route=\/wp\/v2\/posts\/2517\/revisions"}],"predecessor-version":[{"id":2519,"href":"https:\/\/encuentroinformativo.com.mx\/index.php?rest_route=\/wp\/v2\/posts\/2517\/revisions\/2519"}],"wp:featuredmedia":[{"embeddable":true,"href":"https:\/\/encuentroinformativo.com.mx\/index.php?rest_route=\/wp\/v2\/media\/2518"}],"wp:attachment":[{"href":"https:\/\/encuentroinformativo.com.mx\/index.php?rest_route=%2Fwp%2Fv2%2Fmedia&parent=2517"}],"wp:term":[{"taxonomy":"category","embeddable":true,"href":"https:\/\/encuentroinformativo.com.mx\/index.php?rest_route=%2Fwp%2Fv2%2Fcategories&post=2517"},{"taxonomy":"post_tag","embeddable":true,"href":"https:\/\/encuentroinformativo.com.mx\/index.php?rest_route=%2Fwp%2Fv2%2Ftags&post=2517"}],"curies":[{"name":"wp","href":"https:\/\/api.w.org\/{rel}","templated":true}]}}