{"id":25170,"date":"2022-03-25T15:22:24","date_gmt":"2022-03-25T21:22:24","guid":{"rendered":"https:\/\/encuentroinformativo.com.mx\/?p=25170"},"modified":"2022-03-25T15:22:27","modified_gmt":"2022-03-25T21:22:27","slug":"reclaman-normalistas-plazas-definitivas","status":"publish","type":"post","link":"https:\/\/encuentroinformativo.com.mx\/?p=25170","title":{"rendered":"Reclaman normalistas plazas definitivas"},"content":{"rendered":"\n<p><strong>Juan Arcos <\/strong><\/p>\n\n\n\n<p>Xalapa, Ver.- Egresados normalistas de distintos municipios protestaron afuera de las oficinas centrales de la Secretar\u00eda de Educaci\u00f3n de Veracruz (SEV) para exigir plazas magisteriales definitivas.<\/p>\n\n\n\n<p>Se trata de docentes de Ixcatepec, Tantoyuca, Cosamaloapan, Orizaba, C\u00f3rdoba, Tierra Blanca y del Puerto de Veracruz, a quienes solo les han asignado plazas temporales.<\/p>\n\n\n\n<p>De acuerdo con Berenice Garc\u00eda, una de los inconformes, son cerca de 100 docentes afectados con dicha situaci\u00f3n, quienes tampoco han recibido su constancia para presentarse a sus centros de trabajo.<\/p>\n\n\n\n<p>&#8220;No nos dan una certeza de que vamos a continuar con las plazas, ya concursamos y ya cumplimos con todos los lineamientos. No nos han otorgado nuestra constancia para presentarnos en nuestro centro de trabajo\u201d, expres\u00f3.<\/p>\n\n\n\n<p>Los quejosos forman parte de niveles educativos preescolar y b\u00e1sico, y piden a las autoridades educativas que sean atendidas sus demandas.<\/p>\n\n\n\n<p>Adem\u00e1s, algunos de ellos renunciaron a sus empleos en escuelas particulares para acceder a plazas temporales en instituciones p\u00fablicas.\u00a0<br>Sin embargo, hasta este momento, no han podido trabajar, situaci\u00f3n que los est\u00e1 afectando econ\u00f3micamente.<\/p>\n\n\n\n<p>Por tal motivo, hicieron un llamado al titular de la Secretar\u00eda de Educaci\u00f3n de Veracruz, Zenyazen Escobar Garc\u00eda, para que los reciba y solucione la problem\u00e1tica.<\/p>\n","protected":false},"excerpt":{"rendered":"<p>Juan Arcos Xalapa, Ver.- Egresados normalistas de distintos municipios protestaron afuera de las oficinas centrales de la Secretar\u00eda de Educaci\u00f3n de Veracruz (SEV) para exigir plazas magisteriales definitivas. Se trata de docentes de Ixcatepec, Tantoyuca, Cosamaloapan, Orizaba, C\u00f3rdoba, Tierra Blanca y del Puerto de Veracruz, a quienes solo les han asignado plazas temporales. De acuerdo [&hellip;]<\/p>\n","protected":false},"author":1,"featured_media":25171,"comment_status":"open","ping_status":"open","sticky":false,"template":"","format":"standard","meta":{"_jetpack_memberships_contains_paid_content":false,"footnotes":""},"categories":[3],"tags":[],"class_list":["post-25170","post","type-post","status-publish","format-standard","has-post-thumbnail","hentry","category-xalapa"],"jetpack_featured_media_url":"https:\/\/encuentroinformativo.com.mx\/wp-content\/uploads\/2022\/03\/61A21D47-DECC-4286-ABA8-650611BD130C.jpeg","jetpack_sharing_enabled":true,"jetpack_likes_enabled":true,"amp_enabled":true,"_links":{"self":[{"href":"https:\/\/encuentroinformativo.com.mx\/index.php?rest_route=\/wp\/v2\/posts\/25170","targetHints":{"allow":["GET"]}}],"collection":[{"href":"https:\/\/encuentroinformativo.com.mx\/index.php?rest_route=\/wp\/v2\/posts"}],"about":[{"href":"https:\/\/encuentroinformativo.com.mx\/index.php?rest_route=\/wp\/v2\/types\/post"}],"author":[{"embeddable":true,"href":"https:\/\/encuentroinformativo.com.mx\/index.php?rest_route=\/wp\/v2\/users\/1"}],"replies":[{"embeddable":true,"href":"https:\/\/encuentroinformativo.com.mx\/index.php?rest_route=%2Fwp%2Fv2%2Fcomments&post=25170"}],"version-history":[{"count":1,"href":"https:\/\/encuentroinformativo.com.mx\/index.php?rest_route=\/wp\/v2\/posts\/25170\/revisions"}],"predecessor-version":[{"id":25172,"href":"https:\/\/encuentroinformativo.com.mx\/index.php?rest_route=\/wp\/v2\/posts\/25170\/revisions\/25172"}],"wp:featuredmedia":[{"embeddable":true,"href":"https:\/\/encuentroinformativo.com.mx\/index.php?rest_route=\/wp\/v2\/media\/25171"}],"wp:attachment":[{"href":"https:\/\/encuentroinformativo.com.mx\/index.php?rest_route=%2Fwp%2Fv2%2Fmedia&parent=25170"}],"wp:term":[{"taxonomy":"category","embeddable":true,"href":"https:\/\/encuentroinformativo.com.mx\/index.php?rest_route=%2Fwp%2Fv2%2Fcategories&post=25170"},{"taxonomy":"post_tag","embeddable":true,"href":"https:\/\/encuentroinformativo.com.mx\/index.php?rest_route=%2Fwp%2Fv2%2Ftags&post=25170"}],"curies":[{"name":"wp","href":"https:\/\/api.w.org\/{rel}","templated":true}]}}