{"id":25180,"date":"2022-03-26T14:26:13","date_gmt":"2022-03-26T20:26:13","guid":{"rendered":"https:\/\/encuentroinformativo.com.mx\/?p=25180"},"modified":"2022-03-26T14:26:17","modified_gmt":"2022-03-26T20:26:17","slug":"cambio-de-horario","status":"publish","type":"post","link":"https:\/\/encuentroinformativo.com.mx\/?p=25180","title":{"rendered":"Cambio de Horario"},"content":{"rendered":"\n<p><strong><br>N\u00fameros Rojos<\/strong><\/p>\n\n\n\n<p><strong>Brenda Caballero<\/strong><\/p>\n\n\n\n<p>La fecha se acerca, y no me refiero a la Revocaci\u00f3n de Mandato, sino al cambio de horario.&nbsp;<\/p>\n\n\n\n<p>El pr\u00f3ximo domingo 3 de abril ser\u00e1 el d\u00eda que inicie a partir de las 2 de la ma\u00f1ana, por lo que el s\u00e1bado en la noche tendremos que adelantar nuestro reloj anal\u00f3gico para aplicar el llamado \u201chorario de verano\u201d.<\/p>\n\n\n\n<p>El horario data desde 1996 cuando el entonces Presidente Ernesto Zedillo tom\u00f3 la decisi\u00f3n de implantarlo mediante decreto publicado en el Diario Oficial de la Federaci\u00f3n con el objetivo de ahorrar energ\u00eda el\u00e9ctrica mediante el uso de la luz natural del 03 de abril al 30 de octubre, debido a que en ese lapso es el periodo de mayor insolaci\u00f3n.<\/p>\n\n\n\n<p>\u00bfPero habr\u00e1 cambio? Ya el Presidente Andr\u00e9s Manuel L\u00f3pez Obrador habl\u00f3 al respecto en la ma\u00f1anera del 23 de marzo y dijo que su administraci\u00f3n est\u00e1 haciendo una revisi\u00f3n de los supuestos beneficios para la poblaci\u00f3n.<\/p>\n\n\n\n<p>Todo indica que puede eliminarlo, pues siempre ha estado en contra del horario de verano desde que era regente del Distrito Federal, hoy Ciudad de M\u00e9xico, lo que en su momento le trajo confrontaciones con el entonces Presidente Vicente Fox Quezada.<\/p>\n\n\n\n<p>Incluso, su consejera jur\u00eddica Mar\u00eda Estela R\u00edos Gonz\u00e1lez, la misma que sucedi\u00f3 en el cargo a Julio Scherer Ibarra tras la renuncia de \u00e9ste, fue la encargada en 2001 de intentar eliminar el horario de verano en el entonces Distrito Federal.<\/p>\n\n\n\n<p>En esa ocasi\u00f3n, la administraci\u00f3n capitalina realiz\u00f3 una encuesta telef\u00f3nica los d\u00edas 24 y 25 de febrero a los capitalinos.<\/p>\n\n\n\n<p>Se habla que fueron 239 mil 437 llamadas las que se realizaron, en las que el 75 por ciento de los encuestados se pronunci\u00f3 en contra de aplicar el horario, mientras que el 78 mil 867 llamadas se pronunciaron por aplicarlo.<\/p>\n\n\n\n<p>Aun as\u00ed con la encuesta a su favor, L\u00f3pez Obrador no consigui\u00f3 eliminarlo del entonces Distrito Federal y fue Mar\u00eda Estela la que present\u00f3 controversia ante la Suprema Corte de Justicia de la Naci\u00f3n.<\/p>\n\n\n\n<p>\u00bfCon este antecedente cree que el Presidente dejar\u00e1 el horario de verano?<\/p>\n\n\n\n<p>Al menos, en la encuesta que hice a varios amigos y amigas, el 80 por ciento considera que debe desaparecer.<\/p>\n\n\n\n<p>Twiter: @NumerosRojos_BC<\/p>\n\n\n\n<p><a href=\"mailto:caballero_brenda@hotmail.com\" target=\"_blank\" rel=\"noreferrer noopener\">caballero_brenda@hotmail.com<\/a><\/p>\n","protected":false},"excerpt":{"rendered":"<p>N\u00fameros Rojos Brenda Caballero La fecha se acerca, y no me refiero a la Revocaci\u00f3n de Mandato, sino al cambio de horario.&nbsp; El pr\u00f3ximo domingo 3 de abril ser\u00e1 el d\u00eda que inicie a partir de las 2 de la ma\u00f1ana, por lo que el s\u00e1bado en la noche tendremos que adelantar nuestro reloj anal\u00f3gico [&hellip;]<\/p>\n","protected":false},"author":1,"featured_media":387,"comment_status":"open","ping_status":"open","sticky":false,"template":"","format":"standard","meta":{"_jetpack_memberships_contains_paid_content":false,"footnotes":""},"categories":[11],"tags":[],"class_list":["post-25180","post","type-post","status-publish","format-standard","has-post-thumbnail","hentry","category-opinion"],"jetpack_featured_media_url":"https:\/\/encuentroinformativo.com.mx\/wp-content\/uploads\/2020\/03\/7CF8A22B-2764-47BE-8F7F-38FE9E5D6A2F.jpeg","jetpack_sharing_enabled":true,"jetpack_likes_enabled":true,"amp_enabled":true,"_links":{"self":[{"href":"https:\/\/encuentroinformativo.com.mx\/index.php?rest_route=\/wp\/v2\/posts\/25180","targetHints":{"allow":["GET"]}}],"collection":[{"href":"https:\/\/encuentroinformativo.com.mx\/index.php?rest_route=\/wp\/v2\/posts"}],"about":[{"href":"https:\/\/encuentroinformativo.com.mx\/index.php?rest_route=\/wp\/v2\/types\/post"}],"author":[{"embeddable":true,"href":"https:\/\/encuentroinformativo.com.mx\/index.php?rest_route=\/wp\/v2\/users\/1"}],"replies":[{"embeddable":true,"href":"https:\/\/encuentroinformativo.com.mx\/index.php?rest_route=%2Fwp%2Fv2%2Fcomments&post=25180"}],"version-history":[{"count":1,"href":"https:\/\/encuentroinformativo.com.mx\/index.php?rest_route=\/wp\/v2\/posts\/25180\/revisions"}],"predecessor-version":[{"id":25181,"href":"https:\/\/encuentroinformativo.com.mx\/index.php?rest_route=\/wp\/v2\/posts\/25180\/revisions\/25181"}],"wp:featuredmedia":[{"embeddable":true,"href":"https:\/\/encuentroinformativo.com.mx\/index.php?rest_route=\/wp\/v2\/media\/387"}],"wp:attachment":[{"href":"https:\/\/encuentroinformativo.com.mx\/index.php?rest_route=%2Fwp%2Fv2%2Fmedia&parent=25180"}],"wp:term":[{"taxonomy":"category","embeddable":true,"href":"https:\/\/encuentroinformativo.com.mx\/index.php?rest_route=%2Fwp%2Fv2%2Fcategories&post=25180"},{"taxonomy":"post_tag","embeddable":true,"href":"https:\/\/encuentroinformativo.com.mx\/index.php?rest_route=%2Fwp%2Fv2%2Ftags&post=25180"}],"curies":[{"name":"wp","href":"https:\/\/api.w.org\/{rel}","templated":true}]}}