{"id":2520,"date":"2020-05-13T17:33:44","date_gmt":"2020-05-13T22:33:44","guid":{"rendered":"https:\/\/encuentroinformativo.com\/?p=2520"},"modified":"2020-05-13T17:33:46","modified_gmt":"2020-05-13T22:33:46","slug":"se-repetiran-medidas-restrictivas-de-movilidad-cuitlahuac-garcia","status":"publish","type":"post","link":"https:\/\/encuentroinformativo.com.mx\/?p=2520","title":{"rendered":"Se repetir\u00e1n medidas restrictivas de movilidad: Cuitl\u00e1huac Garc\u00eda"},"content":{"rendered":"\n<p>Xalapa, Ver.- Luego del mensaje emitido este d\u00eda por el presidente Andr\u00e9s Manuel L\u00f3pez Obrador, Veracruz debe continuar con la estrategia sanitaria \u201cAplanemos la curva \u00a1Ahora!\u201d, confirm\u00f3 el gobernador Cuitl\u00e1huac Garc\u00eda Jim\u00e9nez al tiempo que anunci\u00f3 las medidas ante la proximidad del punto cr\u00edtico en la curva epidemiol\u00f3gica por COVID-19.<\/p>\n\n\n\n<p>Para este fin de semana, a partir del jueves 14 y hasta el domingo 17 de mayo, habr\u00e1n de replicarse las disposiciones por el \u201cD\u00eda de las Madres\u201d, incorporando en esta ocasi\u00f3n a las zonas metropolitanas de Tuxpan, C\u00f3rdoba y Orizaba para quedar de la siguiente manera:<\/p>\n\n\n\n<p>Filtros sanitarios, revisi\u00f3n de comercios, cierre parcial de la zona Centro para Tuxpan, Poza Rica, Xalapa, Veracruz, Boca del R\u00edo, Orizaba, C\u00f3rdoba y Coatzacoalcos; adem\u00e1s de los municipios conurbados: Tihuatl\u00e1n, Coatzintla y Papantla, en la zona norte; Coatepec, Banderilla y Emiliano Zapata, en la regi\u00f3n Capital; La Antigua, Medell\u00edn y Alvarado, en el centro; Amatl\u00e1n de los Reyes, Fort\u00edn, Ixtaczoquitl\u00e1n, en las Altas Monta\u00f1as, y Cosoleacaque, Minatitl\u00e1n y Nanchital, en el sur.<\/p>\n\n\n\n<p>Lo anterior, en adici\u00f3n a lo que determinen las autoridades municipales a fin de reducir la aglomeraci\u00f3n y la movilidad de personas con motivo del D\u00eda del Maestro; apoyar\u00e1n Tr\u00e1nsito, Polic\u00eda y Protecci\u00f3n Civil (estatales y municipales), y las fuerzas coordinadas, en horario de 07:00 a 18:00 horas.<\/p>\n\n\n\n<p>El mandatario detall\u00f3 que Veracruz apenas est\u00e1 entrando al punto \u00e1lgido de la epidemia, por lo que el retorno a las actividades sociales, escolares y econ\u00f3micas ser\u00e1 m\u00e1s lento que en otros estados, aparte de considerar 8 factores: avance de la transmisi\u00f3n comunitaria, comportamiento de la curva, conectividad intermunicipal, tama\u00f1o de la poblaci\u00f3n, densidad poblacional, capacidad resolutiva en salud, edad poblacional y prevalencia de enfermedades cr\u00f3nicas.<\/p>\n","protected":false},"excerpt":{"rendered":"<p>Xalapa, Ver.- Luego del mensaje emitido este d\u00eda por el presidente Andr\u00e9s Manuel L\u00f3pez Obrador, Veracruz debe continuar con la estrategia sanitaria \u201cAplanemos la curva \u00a1Ahora!\u201d, confirm\u00f3 el gobernador Cuitl\u00e1huac Garc\u00eda Jim\u00e9nez al tiempo que anunci\u00f3 las medidas ante la proximidad del punto cr\u00edtico en la curva epidemiol\u00f3gica por COVID-19. Para este fin de semana, [&hellip;]<\/p>\n","protected":false},"author":1,"featured_media":2521,"comment_status":"open","ping_status":"open","sticky":false,"template":"","format":"standard","meta":{"_jetpack_memberships_contains_paid_content":false,"footnotes":""},"categories":[9],"tags":[],"class_list":["post-2520","post","type-post","status-publish","format-standard","has-post-thumbnail","hentry","category-salud"],"jetpack_featured_media_url":"https:\/\/encuentroinformativo.com.mx\/wp-content\/uploads\/2020\/05\/CB0D066C-09B3-40D0-862B-EAF1D57F1C53-scaled.jpeg","jetpack_sharing_enabled":true,"jetpack_likes_enabled":true,"amp_enabled":true,"_links":{"self":[{"href":"https:\/\/encuentroinformativo.com.mx\/index.php?rest_route=\/wp\/v2\/posts\/2520","targetHints":{"allow":["GET"]}}],"collection":[{"href":"https:\/\/encuentroinformativo.com.mx\/index.php?rest_route=\/wp\/v2\/posts"}],"about":[{"href":"https:\/\/encuentroinformativo.com.mx\/index.php?rest_route=\/wp\/v2\/types\/post"}],"author":[{"embeddable":true,"href":"https:\/\/encuentroinformativo.com.mx\/index.php?rest_route=\/wp\/v2\/users\/1"}],"replies":[{"embeddable":true,"href":"https:\/\/encuentroinformativo.com.mx\/index.php?rest_route=%2Fwp%2Fv2%2Fcomments&post=2520"}],"version-history":[{"count":1,"href":"https:\/\/encuentroinformativo.com.mx\/index.php?rest_route=\/wp\/v2\/posts\/2520\/revisions"}],"predecessor-version":[{"id":2522,"href":"https:\/\/encuentroinformativo.com.mx\/index.php?rest_route=\/wp\/v2\/posts\/2520\/revisions\/2522"}],"wp:featuredmedia":[{"embeddable":true,"href":"https:\/\/encuentroinformativo.com.mx\/index.php?rest_route=\/wp\/v2\/media\/2521"}],"wp:attachment":[{"href":"https:\/\/encuentroinformativo.com.mx\/index.php?rest_route=%2Fwp%2Fv2%2Fmedia&parent=2520"}],"wp:term":[{"taxonomy":"category","embeddable":true,"href":"https:\/\/encuentroinformativo.com.mx\/index.php?rest_route=%2Fwp%2Fv2%2Fcategories&post=2520"},{"taxonomy":"post_tag","embeddable":true,"href":"https:\/\/encuentroinformativo.com.mx\/index.php?rest_route=%2Fwp%2Fv2%2Ftags&post=2520"}],"curies":[{"name":"wp","href":"https:\/\/api.w.org\/{rel}","templated":true}]}}