{"id":25200,"date":"2022-03-27T16:43:40","date_gmt":"2022-03-27T22:43:40","guid":{"rendered":"https:\/\/encuentroinformativo.com.mx\/?p=25200"},"modified":"2022-03-27T16:43:44","modified_gmt":"2022-03-27T22:43:44","slug":"anuncia-movimiento-popular-protesta-para-este-lunes","status":"publish","type":"post","link":"https:\/\/encuentroinformativo.com.mx\/?p=25200","title":{"rendered":"Anuncia Movimiento Popular protesta para este lunes"},"content":{"rendered":"\n<p><strong>Dar\u00edo Pale<\/strong><\/p>\n\n\n\n<p>Xalapa, Ver.- Este lunes se manifestaran en la plaza Lerdo integrantes del Movimiento Popular &#8220;Francisco Villa&#8221;, con la finalidad de exigir mejores condiciones de vida para las comunidades que no han sido atendidas, as\u00ed lo inform\u00f3 el representante pol\u00edtico nacional del movimiento Arnulfo Reyes Cruz &#8220;El Vaquero&#8221;.<\/p>\n\n\n\n<p>En conferencia de prensa se\u00f1al\u00f3 que, le van a exigir que se ejecuten las pol\u00edticas p\u00fablicas correspondientes y evitar que se sigan cometiendo feminicidios y que se le ponga un alto a los asesinatos en contra de los reporteros.<\/p>\n\n\n\n<p>Lament\u00f3 que al gobierno Federal le importen m\u00e1s los megaproyectos que cuidar la integridad f\u00edsica de los representantes de los medios de comunicaci\u00f3n, que hasta el momento suman 8 en el pa\u00eds en los primeros meses del a\u00f1o, de los cuales, uno es de Veracruz.<\/p>\n\n\n\n<p>Aunque cabe recordar que del 2000 a la fecha en la Entidad han sido asesinados m\u00e1s de 30 colegas.<\/p>\n\n\n\n<p>Dio a conocer que la intenci\u00f3n es que se atienda de manera integral el problema de la inseguridad contra las mujeres porque &#8220;no queremos m\u00e1s mujeres muertas&#8221;.<\/p>\n\n\n\n<p>El Vaquero, se\u00f1al\u00f3 que este lunes exigir\u00e1n que no haya m\u00e1s impunidad, que la Fiscal\u00eda General del Estado haga su trabajo y que se ejecuten las pol\u00edticas p\u00fablicas para evitar las diferentes violencias contra ellas.<\/p>\n\n\n\n<p>&#8220;Estamos en contra de los feminicidios, las agresiones contra los ni\u00f1os, que haya violencia, aunque parece que esto no le interesa al Gobierno. Tenemos un proyecto y lo vamos a exponer aqu\u00ed en la Plaza para la defensa de la mujer&#8221;, se\u00f1al\u00f3.<\/p>\n\n\n\n<p>Con su demanda p\u00fablica, solicitar\u00e1 una audiencia con el secretario de Gobierno, Eric Cisneros para que sepa que a\u00fan existen comunidades que no han sido atendidas por el Estado y las necesidades son muchas.<\/p>\n\n\n\n<p>La intenci\u00f3n es pedir al Estado, a trav\u00e9s de las diversas dependencias, la dotaci\u00f3n de l\u00e1minas, pisos firmes, transporte, mejores vialidades, entre muchos otros, &#8220;esto va a servir para decirle al Gobernador aqu\u00ed estamos, nos quedamos quietos un rato, pero ahora venimos a exigir&#8221;.<\/p>\n\n\n\n<p>Finalmente dio a conocer que la semana pasada recibi\u00f3 el premio &#8220;M\u00e9xico en tus Manos&#8221; el cual se lo otorgaron por lo a\u00f1os que lleva luchando por los que menos tienen.<\/p>\n","protected":false},"excerpt":{"rendered":"<p>Dar\u00edo Pale Xalapa, Ver.- Este lunes se manifestaran en la plaza Lerdo integrantes del Movimiento Popular &#8220;Francisco Villa&#8221;, con la finalidad de exigir mejores condiciones de vida para las comunidades que no han sido atendidas, as\u00ed lo inform\u00f3 el representante pol\u00edtico nacional del movimiento Arnulfo Reyes Cruz &#8220;El Vaquero&#8221;. En conferencia de prensa se\u00f1al\u00f3 que, [&hellip;]<\/p>\n","protected":false},"author":1,"featured_media":25201,"comment_status":"open","ping_status":"open","sticky":false,"template":"","format":"standard","meta":{"_jetpack_memberships_contains_paid_content":false,"footnotes":""},"categories":[3],"tags":[],"class_list":["post-25200","post","type-post","status-publish","format-standard","has-post-thumbnail","hentry","category-xalapa"],"jetpack_featured_media_url":"https:\/\/encuentroinformativo.com.mx\/wp-content\/uploads\/2022\/03\/AF136422-590D-415D-9E97-7F43E5CD23C9.jpeg","jetpack_sharing_enabled":true,"jetpack_likes_enabled":true,"amp_enabled":true,"_links":{"self":[{"href":"https:\/\/encuentroinformativo.com.mx\/index.php?rest_route=\/wp\/v2\/posts\/25200","targetHints":{"allow":["GET"]}}],"collection":[{"href":"https:\/\/encuentroinformativo.com.mx\/index.php?rest_route=\/wp\/v2\/posts"}],"about":[{"href":"https:\/\/encuentroinformativo.com.mx\/index.php?rest_route=\/wp\/v2\/types\/post"}],"author":[{"embeddable":true,"href":"https:\/\/encuentroinformativo.com.mx\/index.php?rest_route=\/wp\/v2\/users\/1"}],"replies":[{"embeddable":true,"href":"https:\/\/encuentroinformativo.com.mx\/index.php?rest_route=%2Fwp%2Fv2%2Fcomments&post=25200"}],"version-history":[{"count":1,"href":"https:\/\/encuentroinformativo.com.mx\/index.php?rest_route=\/wp\/v2\/posts\/25200\/revisions"}],"predecessor-version":[{"id":25202,"href":"https:\/\/encuentroinformativo.com.mx\/index.php?rest_route=\/wp\/v2\/posts\/25200\/revisions\/25202"}],"wp:featuredmedia":[{"embeddable":true,"href":"https:\/\/encuentroinformativo.com.mx\/index.php?rest_route=\/wp\/v2\/media\/25201"}],"wp:attachment":[{"href":"https:\/\/encuentroinformativo.com.mx\/index.php?rest_route=%2Fwp%2Fv2%2Fmedia&parent=25200"}],"wp:term":[{"taxonomy":"category","embeddable":true,"href":"https:\/\/encuentroinformativo.com.mx\/index.php?rest_route=%2Fwp%2Fv2%2Fcategories&post=25200"},{"taxonomy":"post_tag","embeddable":true,"href":"https:\/\/encuentroinformativo.com.mx\/index.php?rest_route=%2Fwp%2Fv2%2Ftags&post=25200"}],"curies":[{"name":"wp","href":"https:\/\/api.w.org\/{rel}","templated":true}]}}