{"id":25203,"date":"2022-03-27T16:49:07","date_gmt":"2022-03-27T22:49:07","guid":{"rendered":"https:\/\/encuentroinformativo.com.mx\/?p=25203"},"modified":"2022-03-27T16:49:11","modified_gmt":"2022-03-27T22:49:11","slug":"se-registran-mas-de-50-incendios-forestales-en-2022","status":"publish","type":"post","link":"https:\/\/encuentroinformativo.com.mx\/?p=25203","title":{"rendered":"Se registran m\u00e1s de 50 incendios forestales en 2022"},"content":{"rendered":"\n<p><strong>Juan Arcos<\/strong><\/p>\n\n\n\n<p>Xalapa, Ver.- En el estado de Veracruz se contabilizaron 51 incendios forestales en lo que va de este a\u00f1o.<\/p>\n\n\n\n<p>De acuerdo con informaci\u00f3n de la Secretar\u00eda de Medio Ambiente (Sedema), se trata de una superficie afectada de 123.8 hect\u00e1reas con corte al 18 de marzo; sin embargo, ha habido incidentes posteriores.<\/p>\n\n\n\n<p>La Comisi\u00f3n Nacional Forestal (Conafor) y la Secretar\u00eda de Medio Ambiente y Recursos Naturales (Semarnat) reportaron en la entidad 45 incendios.<\/p>\n\n\n\n<p>Las autoridades federales indican que ha habido m\u00e1s de 100 hect\u00e1reas afectadas, siendo arbustiva la parte m\u00e1s da\u00f1ada.<\/p>\n\n\n\n<p>Los incendios forestales en Veracruz han durado, en promedio, cerca de seis horas y media.<\/p>\n\n\n\n<p>Uno de los incendios m\u00e1s recientes se registr\u00f3 en el ejido La Gloria, municipio de Perote, a unos 35 kil\u00f3metros de Xalapa, donde se consumieron cerca de 80 hect\u00e1reas de bosque, seg\u00fan informaci\u00f3n proporcionada por el alcalde de Perote, Delfino Ortega Mart\u00ednez.<\/p>\n\n\n\n<p>Se implementaron acciones para la apertura de una brecha y cortafuego, logrando su liquidaci\u00f3n la tarde del pasado viernes.<\/p>\n\n\n\n<p>Durante este fin de semana se report\u00f3 tambi\u00e9n un incendio de pastizal en los l\u00edmites de los municipios Ozuluama y Tampico Alto.<\/p>\n\n\n\n<p>El fuego fue liquidado en el municipio de Ozuluama, pero en Tampico Alto continuan los trabajos este domingo por parte de elementos de la Secretar\u00eda de la Defensa Nacional (Sedena), Secretar\u00eda de Medio Ambiente (Sedema), Secretar\u00eda de Protecci\u00f3n Civil (PC) y Protecci\u00f3n Civil municipal.<\/p>\n","protected":false},"excerpt":{"rendered":"<p>Juan Arcos Xalapa, Ver.- En el estado de Veracruz se contabilizaron 51 incendios forestales en lo que va de este a\u00f1o. De acuerdo con informaci\u00f3n de la Secretar\u00eda de Medio Ambiente (Sedema), se trata de una superficie afectada de 123.8 hect\u00e1reas con corte al 18 de marzo; sin embargo, ha habido incidentes posteriores. La Comisi\u00f3n [&hellip;]<\/p>\n","protected":false},"author":1,"featured_media":25204,"comment_status":"open","ping_status":"open","sticky":false,"template":"","format":"standard","meta":{"_jetpack_memberships_contains_paid_content":false,"footnotes":""},"categories":[2],"tags":[],"class_list":["post-25203","post","type-post","status-publish","format-standard","has-post-thumbnail","hentry","category-estado"],"jetpack_featured_media_url":"https:\/\/encuentroinformativo.com.mx\/wp-content\/uploads\/2022\/03\/B0BC9A61-4062-4F8F-AD96-2D222EC0A7C5.jpeg","jetpack_sharing_enabled":true,"jetpack_likes_enabled":true,"amp_enabled":true,"_links":{"self":[{"href":"https:\/\/encuentroinformativo.com.mx\/index.php?rest_route=\/wp\/v2\/posts\/25203","targetHints":{"allow":["GET"]}}],"collection":[{"href":"https:\/\/encuentroinformativo.com.mx\/index.php?rest_route=\/wp\/v2\/posts"}],"about":[{"href":"https:\/\/encuentroinformativo.com.mx\/index.php?rest_route=\/wp\/v2\/types\/post"}],"author":[{"embeddable":true,"href":"https:\/\/encuentroinformativo.com.mx\/index.php?rest_route=\/wp\/v2\/users\/1"}],"replies":[{"embeddable":true,"href":"https:\/\/encuentroinformativo.com.mx\/index.php?rest_route=%2Fwp%2Fv2%2Fcomments&post=25203"}],"version-history":[{"count":1,"href":"https:\/\/encuentroinformativo.com.mx\/index.php?rest_route=\/wp\/v2\/posts\/25203\/revisions"}],"predecessor-version":[{"id":25205,"href":"https:\/\/encuentroinformativo.com.mx\/index.php?rest_route=\/wp\/v2\/posts\/25203\/revisions\/25205"}],"wp:featuredmedia":[{"embeddable":true,"href":"https:\/\/encuentroinformativo.com.mx\/index.php?rest_route=\/wp\/v2\/media\/25204"}],"wp:attachment":[{"href":"https:\/\/encuentroinformativo.com.mx\/index.php?rest_route=%2Fwp%2Fv2%2Fmedia&parent=25203"}],"wp:term":[{"taxonomy":"category","embeddable":true,"href":"https:\/\/encuentroinformativo.com.mx\/index.php?rest_route=%2Fwp%2Fv2%2Fcategories&post=25203"},{"taxonomy":"post_tag","embeddable":true,"href":"https:\/\/encuentroinformativo.com.mx\/index.php?rest_route=%2Fwp%2Fv2%2Ftags&post=25203"}],"curies":[{"name":"wp","href":"https:\/\/api.w.org\/{rel}","templated":true}]}}