{"id":25218,"date":"2022-03-28T09:21:25","date_gmt":"2022-03-28T15:21:25","guid":{"rendered":"https:\/\/encuentroinformativo.com.mx\/?p=25218"},"modified":"2022-03-28T09:21:29","modified_gmt":"2022-03-28T15:21:29","slug":"ley-ingrid","status":"publish","type":"post","link":"https:\/\/encuentroinformativo.com.mx\/?p=25218","title":{"rendered":"Ley Ingrid"},"content":{"rendered":"\n<p><strong>N\u00fameros Rojos<\/strong><\/p>\n\n\n\n<p><strong>Brenda Caballero<\/strong><\/p>\n\n\n\n<p>\u201cLa Culpa la Tuvo Cupido\u201d. Fue uno de los titulares de un peri\u00f3dico de la Ciudad de M\u00e9xico que \u201cjustific\u00f3\u201d el feminicidio de Ingrid, de 25 a\u00f1os, a manos de su pareja \u00c9rick Francisco, de 46 a\u00f1os. Otro m\u00e1s en aras de vender morbo, tuvo la \u201cideota\u201d de poner en su portada el \u00a0titular \u201cDescarnada\u201d. Ambos impresos publicaron una foto que no vale la pena ni describir pero que indign\u00f3 a millones.<\/p>\n\n\n\n<p>\u00bfQui\u00e9n sac\u00f3 esa foto? Desde luego alguien que tuvo acceso de primera mano al lugar de los hechos. \u00bfAcaso un funcionario p\u00fablico? Las investigaciones afirmaron que fueron los polic\u00edas que llegaron a la escena del crimen, pero no ocurri\u00f3 nada.Las redes sociales fueron tambi\u00e9n c\u00f3mplices de esa difusi\u00f3n y ante ello, tambi\u00e9n se arm\u00f3 una contracampa\u00f1a para que al buscar Ingrid Escamilla en internet, aparecieran paisajes o fotos de ella, en lugar de la foto filtrada. Y as\u00ed fue y es. Si usted busca en internet su nombre, no aparecer\u00e1 la foto que publicaron en algunos medios.<\/p>\n\n\n\n<p>La indignaci\u00f3n generalizada llev\u00f3 a que se volteara a ver la extrema violencia en la que vivimos, la revictimizaci\u00f3n de las v\u00edctimas y de sus familias para que se pensara en una ley que prohibiera este tipo de publicaciones.<\/p>\n\n\n\n<p>Desde el a\u00f1o pasado, la Ciudad de M\u00e9xico, el Estado de M\u00e9xico, Colima y Oaxaca ya hab\u00edan legislado para prohibir esas im\u00e1genes. El 27 de julio, en Veracruz, la diputada Ivonne Trujillo ya hab\u00eda presentado la iniciativa, sin embargo, a pesar de que pas\u00f3 a Dictamen, se desconoce las razones para que no entrara en el Orden del D\u00eda de la \u00faltima sesi\u00f3n en la pasada Legislatura; sin embargo, ahora s\u00ed tendr\u00e1 que entrarle el Congreso Estatal de Veracruz, ya que el pasado mi\u00e9rcoles en la C\u00e1mara de Diputados, los legisladores aprobaron con 470 votos a favor la llamada Ley Ingrid, para que se castigue de 2 a 6 a\u00f1os de prisi\u00f3n a todos los servidores p\u00fablicos y ciudadanos que difundan, fotograf\u00eden, copien, publiquen audios, videos o documentos con informaci\u00f3n de una carpeta de investigaci\u00f3n.<\/p>\n\n\n\n<p>Con ello se busca garantizar la protecci\u00f3n de las v\u00edctimas en su dignidad e integridad.Con la Ley Ingrid se incrementar\u00e1 la gravedad si se trata de mujeres, ni\u00f1os, ni\u00f1as o personas con discapacidad hasta con 10 a\u00f1os de prisi\u00f3n.<\/p>\n\n\n\n<p>El caso de Ingrid no es el \u00fanico. En Veracruz recordamos la filtraci\u00f3n de las fotos de los asesinatos de Gladys y su hija Carla en su propia casa, de la empresaria Susana en el Semefo de Coatzacoalcos, el feminicidio de Silvia Jazm\u00edn en Cosoleacaque, y otros m\u00e1s que han sido expuestos en redes sociales o medios impresos sin que haya sanci\u00f3n al respecto a pesar de que en Veracruz existe ya en el C\u00f3digo Penal para el Estado de Veracruz, en su cap\u00edtulo II Contra El Respeto a los Muertos (reformado, g.o. 3 de junio de 2019) en su art\u00edculo 298 fracci\u00f3n IV: \u201cSe impondr\u00e1n prisi\u00f3n de uno a cinco a\u00f1os y multa hasta de cien Unidades de Medida y Actualizaci\u00f3n a quien:\u201d\u201c\u2026IV. Fotograf\u00ede, videograbe o difunda im\u00e1genes de un cad\u00e1ver o restos humanos que se encuentren bajo resguardo de una instituci\u00f3n de naturaleza forense, sin estar legalmente facultado para ello o para fines distintos a los establecidos en la Ley\u201d. Agrega: \u201cEn el caso previsto en la fracci\u00f3n IV, si quien comete este delito es servidor p\u00fablico o ejerce una profesi\u00f3n y utiliza los medios o circunstancias derivadas de ello y tiene bajo su custodia o resguardo un cad\u00e1ver o restos humanos, las penas se incrementar\u00e1n en una tercera parte\u2026\u201dEn fin esperemos la armonizaci\u00f3n de la Ley Ingrid en Veracruz, pero m\u00e1s que nada su aplicaci\u00f3n, y no pase desapercibida como la fracci\u00f3n IV del C\u00f3digo Penal para el Estado de Veracruz, pues la Ley ah\u00ed est\u00e1 y sin embargo nunca se aplic\u00f3.<\/p>\n\n\n\n<p>Twiter: @NumerosRojos_BC<\/p>\n\n\n\n<p><a rel=\"noreferrer noopener\" href=\"mailto:caballero_brenda@hotmail.com\" target=\"_blank\">caballero_brenda@hotmail.com<\/a><\/p>\n","protected":false},"excerpt":{"rendered":"<p>N\u00fameros Rojos Brenda Caballero \u201cLa Culpa la Tuvo Cupido\u201d. Fue uno de los titulares de un peri\u00f3dico de la Ciudad de M\u00e9xico que \u201cjustific\u00f3\u201d el feminicidio de Ingrid, de 25 a\u00f1os, a manos de su pareja \u00c9rick Francisco, de 46 a\u00f1os. Otro m\u00e1s en aras de vender morbo, tuvo la \u201cideota\u201d de poner en su [&hellip;]<\/p>\n","protected":false},"author":1,"featured_media":387,"comment_status":"open","ping_status":"open","sticky":false,"template":"","format":"standard","meta":{"_jetpack_memberships_contains_paid_content":false,"footnotes":""},"categories":[11],"tags":[],"class_list":["post-25218","post","type-post","status-publish","format-standard","has-post-thumbnail","hentry","category-opinion"],"jetpack_featured_media_url":"https:\/\/encuentroinformativo.com.mx\/wp-content\/uploads\/2020\/03\/7CF8A22B-2764-47BE-8F7F-38FE9E5D6A2F.jpeg","jetpack_sharing_enabled":true,"jetpack_likes_enabled":true,"amp_enabled":true,"_links":{"self":[{"href":"https:\/\/encuentroinformativo.com.mx\/index.php?rest_route=\/wp\/v2\/posts\/25218","targetHints":{"allow":["GET"]}}],"collection":[{"href":"https:\/\/encuentroinformativo.com.mx\/index.php?rest_route=\/wp\/v2\/posts"}],"about":[{"href":"https:\/\/encuentroinformativo.com.mx\/index.php?rest_route=\/wp\/v2\/types\/post"}],"author":[{"embeddable":true,"href":"https:\/\/encuentroinformativo.com.mx\/index.php?rest_route=\/wp\/v2\/users\/1"}],"replies":[{"embeddable":true,"href":"https:\/\/encuentroinformativo.com.mx\/index.php?rest_route=%2Fwp%2Fv2%2Fcomments&post=25218"}],"version-history":[{"count":1,"href":"https:\/\/encuentroinformativo.com.mx\/index.php?rest_route=\/wp\/v2\/posts\/25218\/revisions"}],"predecessor-version":[{"id":25219,"href":"https:\/\/encuentroinformativo.com.mx\/index.php?rest_route=\/wp\/v2\/posts\/25218\/revisions\/25219"}],"wp:featuredmedia":[{"embeddable":true,"href":"https:\/\/encuentroinformativo.com.mx\/index.php?rest_route=\/wp\/v2\/media\/387"}],"wp:attachment":[{"href":"https:\/\/encuentroinformativo.com.mx\/index.php?rest_route=%2Fwp%2Fv2%2Fmedia&parent=25218"}],"wp:term":[{"taxonomy":"category","embeddable":true,"href":"https:\/\/encuentroinformativo.com.mx\/index.php?rest_route=%2Fwp%2Fv2%2Fcategories&post=25218"},{"taxonomy":"post_tag","embeddable":true,"href":"https:\/\/encuentroinformativo.com.mx\/index.php?rest_route=%2Fwp%2Fv2%2Ftags&post=25218"}],"curies":[{"name":"wp","href":"https:\/\/api.w.org\/{rel}","templated":true}]}}