{"id":25220,"date":"2022-03-28T09:49:53","date_gmt":"2022-03-28T15:49:53","guid":{"rendered":"https:\/\/encuentroinformativo.com.mx\/?p=25220"},"modified":"2022-03-28T09:49:56","modified_gmt":"2022-03-28T15:49:56","slug":"amlo-dara-la-mananera-en-veracruz-durante-el-festival-de-velas","status":"publish","type":"post","link":"https:\/\/encuentroinformativo.com.mx\/?p=25220","title":{"rendered":"AMLO dar\u00e1 &#8220;La Ma\u00f1anera&#8221; en Veracruz durante el Festival de Velas"},"content":{"rendered":"\n<p><strong>Alejandro \u00c1vila<\/strong><\/p>\n\n\n\n<p>Veracruz, Ver.- El 23 de junio a las 7 de la ma\u00f1ana en el Museo Naval, el presidente de la rep\u00fablica, Andr\u00e9s Manuel L\u00f3pez Obrador, dar\u00e1 su conferencia &#8220;ma\u00f1anera&#8221; en el puerto de Veracruz, previo al inicio del &#8220;Festival de Velas&#8221;.<\/p>\n\n\n\n<p>Del 23 al 29 de junio se llevar\u00e1 a cabo en el puerto de Veracruz el Festival de Velas, d\u00f3nde la Secretar\u00eda de Marina (SEMAR) tiene programado diversos eventos.<\/p>\n\n\n\n<p>Despu\u00e9s de &#8220;La Ma\u00f1anera&#8221; y otro evento a las 17 horas en la Macroplaza del Malec\u00f3n, se prev\u00e9 una cena (a\u00fan por confirmar) el d\u00eda 25 de junio; ese mismo d\u00eda, se realizar\u00e1 la &#8220;Carrera de la Cerveza&#8221; en el bulevar &#8220;Manuel \u00c1vila Camacho&#8221;.<\/p>\n\n\n\n<p>El d\u00eda 26 de junio se llevar\u00e1 a cabo un Triatl\u00f3n; mientras que el 27 de junio se realizar\u00e1 una ofrenda en el obelisco ubicado en 16 septiembre y la calle Arista.<\/p>\n\n\n\n<p>Ese mismo 27 de junio, de 5 a 6 de la tarde, se llevar\u00e1 a cabo un desfile de los tripulantes de los veleros, por todo el bulevar &#8220;Manuel \u00c1vila Camacho&#8221;.<\/p>\n\n\n\n<p>Finalmente el 28 de junio se realizar\u00e1 la clausura del &#8220;Festival de Velas&#8221;, de las 20 a las 22 horas, con un espect\u00e1culo de fuegos pirot\u00e9cnicos.<\/p>\n\n\n\n<p>Durante todo el &#8220;Festival de Velas&#8221; se realizar\u00e1n cierres viales en la avenida Xicot\u00e9ncatl y las calles Canal, Arista, Ray\u00f3n, Esteban Morales y Manuel Doblado.<\/p>\n\n\n\n<p>Es de mencionar que, en la \u00faltima edici\u00f3n realizada en 2018, participaron los veleros &#8220;Libertad&#8221; de Argentina; &#8220;Cisne Blanco&#8221; de Brasil; &#8220;Esmeralda&#8221; de Chile; &#8220;Gloria&#8221; de Colombia; &#8220;Guayas&#8221; de Ecuador; &#8220;Uni\u00f3n&#8221; de Per\u00fa; &#8220;Sim\u00f3n Bol\u00edvar&#8221; de Venezuela; siendo el anfitri\u00f3n, el Buque Escuela &#8220;Cuauht\u00e9moc&#8221; de M\u00e9xico.<\/p>\n","protected":false},"excerpt":{"rendered":"<p>Alejandro \u00c1vila Veracruz, Ver.- El 23 de junio a las 7 de la ma\u00f1ana en el Museo Naval, el presidente de la rep\u00fablica, Andr\u00e9s Manuel L\u00f3pez Obrador, dar\u00e1 su conferencia &#8220;ma\u00f1anera&#8221; en el puerto de Veracruz, previo al inicio del &#8220;Festival de Velas&#8221;. Del 23 al 29 de junio se llevar\u00e1 a cabo en el [&hellip;]<\/p>\n","protected":false},"author":1,"featured_media":25221,"comment_status":"open","ping_status":"open","sticky":false,"template":"","format":"standard","meta":{"_jetpack_memberships_contains_paid_content":false,"footnotes":""},"categories":[2],"tags":[],"class_list":["post-25220","post","type-post","status-publish","format-standard","has-post-thumbnail","hentry","category-estado"],"jetpack_featured_media_url":"https:\/\/encuentroinformativo.com.mx\/wp-content\/uploads\/2022\/03\/34704129-C591-4349-AD92-1A8F51E4AD33.jpeg","jetpack_sharing_enabled":true,"jetpack_likes_enabled":true,"amp_enabled":true,"_links":{"self":[{"href":"https:\/\/encuentroinformativo.com.mx\/index.php?rest_route=\/wp\/v2\/posts\/25220","targetHints":{"allow":["GET"]}}],"collection":[{"href":"https:\/\/encuentroinformativo.com.mx\/index.php?rest_route=\/wp\/v2\/posts"}],"about":[{"href":"https:\/\/encuentroinformativo.com.mx\/index.php?rest_route=\/wp\/v2\/types\/post"}],"author":[{"embeddable":true,"href":"https:\/\/encuentroinformativo.com.mx\/index.php?rest_route=\/wp\/v2\/users\/1"}],"replies":[{"embeddable":true,"href":"https:\/\/encuentroinformativo.com.mx\/index.php?rest_route=%2Fwp%2Fv2%2Fcomments&post=25220"}],"version-history":[{"count":1,"href":"https:\/\/encuentroinformativo.com.mx\/index.php?rest_route=\/wp\/v2\/posts\/25220\/revisions"}],"predecessor-version":[{"id":25222,"href":"https:\/\/encuentroinformativo.com.mx\/index.php?rest_route=\/wp\/v2\/posts\/25220\/revisions\/25222"}],"wp:featuredmedia":[{"embeddable":true,"href":"https:\/\/encuentroinformativo.com.mx\/index.php?rest_route=\/wp\/v2\/media\/25221"}],"wp:attachment":[{"href":"https:\/\/encuentroinformativo.com.mx\/index.php?rest_route=%2Fwp%2Fv2%2Fmedia&parent=25220"}],"wp:term":[{"taxonomy":"category","embeddable":true,"href":"https:\/\/encuentroinformativo.com.mx\/index.php?rest_route=%2Fwp%2Fv2%2Fcategories&post=25220"},{"taxonomy":"post_tag","embeddable":true,"href":"https:\/\/encuentroinformativo.com.mx\/index.php?rest_route=%2Fwp%2Fv2%2Ftags&post=25220"}],"curies":[{"name":"wp","href":"https:\/\/api.w.org\/{rel}","templated":true}]}}