{"id":25233,"date":"2022-03-28T12:16:43","date_gmt":"2022-03-28T18:16:43","guid":{"rendered":"https:\/\/encuentroinformativo.com.mx\/?p=25233"},"modified":"2022-03-28T12:16:46","modified_gmt":"2022-03-28T18:16:46","slug":"no-existe-estudio-que-avale-entrega-de-agua-del-rio-panuco-a-nuevo-leon","status":"publish","type":"post","link":"https:\/\/encuentroinformativo.com.mx\/?p=25233","title":{"rendered":"No existe estudio que avale entrega de agua del R\u00edo P\u00e1nuco a Nuevo Le\u00f3n"},"content":{"rendered":"\n<p><strong>Alejandro \u00c1vila<\/strong><\/p>\n\n\n\n<p>Veracruz, Ver.- El Senador de la Rep\u00fablica, Julen Rementer\u00eda del Puerto asegur\u00f3 que, en este momento no existe un estudio serio qu\u00e9 avale qu\u00e9, la entrega de agua del R\u00edo P\u00e1nuco al Estado de Nuevo Le\u00f3n, no afecte a los veracruzanos.<\/p>\n\n\n\n<p>En rueda de prensa ofrecida en conocido caf\u00e9 reconoci\u00f3 que, s\u00ed bien M\u00e9xico es una Federaci\u00f3n y se debe brindar el apoyo entre Estados, existe la prioridad de resolver los problemas locales, para posteriormente poder dar la atenci\u00f3n otros mexicanos.<\/p>\n\n\n\n<p>&#8220;D\u00f3nde est\u00e1 el estudio qu\u00e9 dice que no afecta o que el caudal permite llevar cierto porcentaje del agua a otra parte. Mientras eso no pase, no debemos permitir que simplemente desv\u00eden el agua del R\u00edo P\u00e1nuco y se lo lleven a otro Estado, entendiendo que estamos en un pa\u00eds, en una federaci\u00f3n y que hay que ayudar a otros estados, pero primero hay que ayudar a&nbsp; los que estamos en d\u00f3nde est\u00e1n los recursos, y evidentemente ese r\u00edo, es un patrimonio de los veracruzanos, del Estado de Veracruz, y despu\u00e9s lo ser\u00e1 el pa\u00eds, pero primero tiene que cumplir con el beneficio de los que est\u00e1n, no pensemos en resolver la problem\u00e1tica de otro lugar, afectando la problem\u00e1tica local&#8221;, asest\u00f3.<\/p>\n\n\n\n<p>En ese sentido dijo que, el Gobernador de Veracruz, Cuitl\u00e1huac Garc\u00eda Jim\u00e9nez, debe defender el patrimonio de los veracruzanos, y en este tipo de situaciones, las diferentes corrientes pol\u00edticas de oposici\u00f3n deber\u00edan respaldar la decisi\u00f3n, pues no es una situaci\u00f3n que deba tomarse con &#8220;matices pol\u00edticos&#8221;.<\/p>\n\n\n\n<p>Hace unos d\u00edas, el gobernador Cuitl\u00e1huac Garc\u00eda Jim\u00e9nez mencion\u00f3 que, la decisi\u00f3n final la deber\u00e1 tomar la Comisi\u00f3n Nacional del Agua (CONAGUA) en conjunto con el presidente Andr\u00e9s Manuel L\u00f3pez Obrador; aunque recalc\u00f3 qu\u00e9, en caso de aprobarse, no ser\u00e1 bajo la licitaci\u00f3n entregada en gobiernos anteriores a empresas privadas bajo el proyecto &#8220;Monterrey VI&#8221;.<\/p>\n","protected":false},"excerpt":{"rendered":"<p>Alejandro \u00c1vila Veracruz, Ver.- El Senador de la Rep\u00fablica, Julen Rementer\u00eda del Puerto asegur\u00f3 que, en este momento no existe un estudio serio qu\u00e9 avale qu\u00e9, la entrega de agua del R\u00edo P\u00e1nuco al Estado de Nuevo Le\u00f3n, no afecte a los veracruzanos. En rueda de prensa ofrecida en conocido caf\u00e9 reconoci\u00f3 que, s\u00ed bien [&hellip;]<\/p>\n","protected":false},"author":1,"featured_media":25234,"comment_status":"open","ping_status":"open","sticky":false,"template":"","format":"standard","meta":{"_jetpack_memberships_contains_paid_content":false,"footnotes":""},"categories":[2],"tags":[],"class_list":["post-25233","post","type-post","status-publish","format-standard","has-post-thumbnail","hentry","category-estado"],"jetpack_featured_media_url":"https:\/\/encuentroinformativo.com.mx\/wp-content\/uploads\/2022\/03\/6809B11F-5255-4E3E-84AC-C3DBA8FDF7D4.jpeg","jetpack_sharing_enabled":true,"jetpack_likes_enabled":true,"amp_enabled":true,"_links":{"self":[{"href":"https:\/\/encuentroinformativo.com.mx\/index.php?rest_route=\/wp\/v2\/posts\/25233","targetHints":{"allow":["GET"]}}],"collection":[{"href":"https:\/\/encuentroinformativo.com.mx\/index.php?rest_route=\/wp\/v2\/posts"}],"about":[{"href":"https:\/\/encuentroinformativo.com.mx\/index.php?rest_route=\/wp\/v2\/types\/post"}],"author":[{"embeddable":true,"href":"https:\/\/encuentroinformativo.com.mx\/index.php?rest_route=\/wp\/v2\/users\/1"}],"replies":[{"embeddable":true,"href":"https:\/\/encuentroinformativo.com.mx\/index.php?rest_route=%2Fwp%2Fv2%2Fcomments&post=25233"}],"version-history":[{"count":1,"href":"https:\/\/encuentroinformativo.com.mx\/index.php?rest_route=\/wp\/v2\/posts\/25233\/revisions"}],"predecessor-version":[{"id":25235,"href":"https:\/\/encuentroinformativo.com.mx\/index.php?rest_route=\/wp\/v2\/posts\/25233\/revisions\/25235"}],"wp:featuredmedia":[{"embeddable":true,"href":"https:\/\/encuentroinformativo.com.mx\/index.php?rest_route=\/wp\/v2\/media\/25234"}],"wp:attachment":[{"href":"https:\/\/encuentroinformativo.com.mx\/index.php?rest_route=%2Fwp%2Fv2%2Fmedia&parent=25233"}],"wp:term":[{"taxonomy":"category","embeddable":true,"href":"https:\/\/encuentroinformativo.com.mx\/index.php?rest_route=%2Fwp%2Fv2%2Fcategories&post=25233"},{"taxonomy":"post_tag","embeddable":true,"href":"https:\/\/encuentroinformativo.com.mx\/index.php?rest_route=%2Fwp%2Fv2%2Ftags&post=25233"}],"curies":[{"name":"wp","href":"https:\/\/api.w.org\/{rel}","templated":true}]}}