{"id":25239,"date":"2022-03-28T13:32:55","date_gmt":"2022-03-28T19:32:55","guid":{"rendered":"https:\/\/encuentroinformativo.com.mx\/?p=25239"},"modified":"2022-03-28T13:32:58","modified_gmt":"2022-03-28T19:32:58","slug":"solicitan-organizaciones-rescatar-el-macuiltepetl","status":"publish","type":"post","link":"https:\/\/encuentroinformativo.com.mx\/?p=25239","title":{"rendered":"Solicitan organizaciones rescatar el Macuilt\u00e9petl"},"content":{"rendered":"\n<p>Xalapa, Ver.- Integrantes de organizaciones ambientales solicitaron a Gobierno del Estado que se brinde m\u00e1s cuidados al cerro del Macuilt\u00e9petl y que se rescaten las zonas que est\u00e1n en el abandono de esta \u00e1rea natural.<\/p>\n\n\n\n<p>Del mismo modo, tambi\u00e9n informaron que el Museo de la Fauna necesita rehabilitaci\u00f3n.<\/p>\n","protected":false},"excerpt":{"rendered":"<p>Xalapa, Ver.- Integrantes de organizaciones ambientales solicitaron a Gobierno del Estado que se brinde m\u00e1s cuidados al cerro del Macuilt\u00e9petl y que se rescaten las zonas que est\u00e1n en el abandono de esta \u00e1rea natural. Del mismo modo, tambi\u00e9n informaron que el Museo de la Fauna necesita rehabilitaci\u00f3n.<\/p>\n","protected":false},"author":1,"featured_media":25240,"comment_status":"open","ping_status":"open","sticky":false,"template":"","format":"standard","meta":{"_jetpack_memberships_contains_paid_content":false,"footnotes":""},"categories":[3],"tags":[],"class_list":["post-25239","post","type-post","status-publish","format-standard","has-post-thumbnail","hentry","category-xalapa"],"jetpack_featured_media_url":"https:\/\/encuentroinformativo.com.mx\/wp-content\/uploads\/2022\/03\/B108AFAF-4542-4AEC-B474-82B75D635547.jpeg","jetpack_sharing_enabled":true,"jetpack_likes_enabled":true,"amp_enabled":true,"_links":{"self":[{"href":"https:\/\/encuentroinformativo.com.mx\/index.php?rest_route=\/wp\/v2\/posts\/25239","targetHints":{"allow":["GET"]}}],"collection":[{"href":"https:\/\/encuentroinformativo.com.mx\/index.php?rest_route=\/wp\/v2\/posts"}],"about":[{"href":"https:\/\/encuentroinformativo.com.mx\/index.php?rest_route=\/wp\/v2\/types\/post"}],"author":[{"embeddable":true,"href":"https:\/\/encuentroinformativo.com.mx\/index.php?rest_route=\/wp\/v2\/users\/1"}],"replies":[{"embeddable":true,"href":"https:\/\/encuentroinformativo.com.mx\/index.php?rest_route=%2Fwp%2Fv2%2Fcomments&post=25239"}],"version-history":[{"count":1,"href":"https:\/\/encuentroinformativo.com.mx\/index.php?rest_route=\/wp\/v2\/posts\/25239\/revisions"}],"predecessor-version":[{"id":25241,"href":"https:\/\/encuentroinformativo.com.mx\/index.php?rest_route=\/wp\/v2\/posts\/25239\/revisions\/25241"}],"wp:featuredmedia":[{"embeddable":true,"href":"https:\/\/encuentroinformativo.com.mx\/index.php?rest_route=\/wp\/v2\/media\/25240"}],"wp:attachment":[{"href":"https:\/\/encuentroinformativo.com.mx\/index.php?rest_route=%2Fwp%2Fv2%2Fmedia&parent=25239"}],"wp:term":[{"taxonomy":"category","embeddable":true,"href":"https:\/\/encuentroinformativo.com.mx\/index.php?rest_route=%2Fwp%2Fv2%2Fcategories&post=25239"},{"taxonomy":"post_tag","embeddable":true,"href":"https:\/\/encuentroinformativo.com.mx\/index.php?rest_route=%2Fwp%2Fv2%2Ftags&post=25239"}],"curies":[{"name":"wp","href":"https:\/\/api.w.org\/{rel}","templated":true}]}}