{"id":25245,"date":"2022-03-28T15:29:27","date_gmt":"2022-03-28T21:29:27","guid":{"rendered":"https:\/\/encuentroinformativo.com.mx\/?p=25245"},"modified":"2022-03-28T15:29:30","modified_gmt":"2022-03-28T21:29:30","slug":"fallece-famoso-disenador-de-alvarado","status":"publish","type":"post","link":"https:\/\/encuentroinformativo.com.mx\/?p=25245","title":{"rendered":"Fallece famoso dise\u00f1ador de Alvarado"},"content":{"rendered":"\n<p><strong>*Visti\u00f3 a Cortes Reales de Carnaval de Alvarado y Veracruz.<\/strong><\/p>\n\n\n\n<p><strong>*Gan\u00f3 mejor dise\u00f1o en Miss Universo.<\/strong><\/p>\n\n\n\n<p><strong>Alejandro \u00c1vila<\/strong><\/p>\n\n\n\n<p>Alvarado, Ver.- El famoso dise\u00f1ador alvarade\u00f1o, Rogelio Luis Fern\u00e1ndez Figueroa, y qui\u00e9n vistiera a las Cortes Reales del Carnaval de Alvarado y Veracruz, falleci\u00f3 la ma\u00f1ana de este lunes producto de complicaciones m\u00e9dicas.<\/p>\n\n\n\n<p>Su sobrino Juan Jos\u00e9 Herrera Fern\u00e1ndez, relato que el dise\u00f1ador inici\u00f3 con un problema en la ves\u00edcula, por lo cual estuvo enfermo durante varios d\u00edas, posteriormente sufri\u00f3 la inflamaci\u00f3n del p\u00e1ncreas y le fue complicado ingerir alimentos, debido a esta y otras complicaciones falleci\u00f3 este lunes 28 de marzo.<\/p>\n\n\n\n<p>Rogelio Fern\u00e1ndez fue el dise\u00f1ador base de las Cortes Reales del Carnaval de Alvarado e incluso, colabor\u00f3 algunas veces con Jos\u00e9 Luis F\u00e9rez en el dise\u00f1o de trajes de los Reyes del Carnaval de Veracruz; adem\u00e1s, tuvo una participaci\u00f3n en el Miss Universo, donde el vestido qu\u00e9 realiz\u00f3 en conjunto con otro dise\u00f1ador fue el ganador.<\/p>\n\n\n\n<p>&#8220;Me acuerdo que ganaron, el traje de ellos gan\u00f3, pero no me acuerdo en qu\u00e9 a\u00f1o fue, ni c\u00f3mo se llamaba la participante, estaba yo muy chamaco cuando eso, yo ya trabajaba para ellos, pero estaba yo muy chamaco (\u2026) no era de aqu\u00ed de Veracruz, a ellos los buscaron para hacer el traje de la de M\u00e9xico&#8221;, relat\u00f3 Juan Jos\u00e9 Herrera Fern\u00e1ndez.<\/p>\n\n\n\n<p>Rogelio Luis Fern\u00e1ndez Figueroa, aunque estudio Dise\u00f1o de Moda y Patronaje en la Universidad Aut\u00f3noma de Madrid, vivi\u00f3 casi toda su vida en Alvarado, y sus amigos y familiares lo recuerdan como una persona amable, muy llevadera y que el d\u00eda de hoy lamentan todos en redes sociales su deceso.<\/p>\n","protected":false},"excerpt":{"rendered":"<p>*Visti\u00f3 a Cortes Reales de Carnaval de Alvarado y Veracruz. *Gan\u00f3 mejor dise\u00f1o en Miss Universo. Alejandro \u00c1vila Alvarado, Ver.- El famoso dise\u00f1ador alvarade\u00f1o, Rogelio Luis Fern\u00e1ndez Figueroa, y qui\u00e9n vistiera a las Cortes Reales del Carnaval de Alvarado y Veracruz, falleci\u00f3 la ma\u00f1ana de este lunes producto de complicaciones m\u00e9dicas. Su sobrino Juan Jos\u00e9 [&hellip;]<\/p>\n","protected":false},"author":1,"featured_media":25246,"comment_status":"open","ping_status":"open","sticky":false,"template":"","format":"standard","meta":{"_jetpack_memberships_contains_paid_content":false,"footnotes":""},"categories":[2],"tags":[],"class_list":["post-25245","post","type-post","status-publish","format-standard","has-post-thumbnail","hentry","category-estado"],"jetpack_featured_media_url":"https:\/\/encuentroinformativo.com.mx\/wp-content\/uploads\/2022\/03\/B1EDEBA2-A608-436C-AE5A-BC5A641EA2E9.jpeg","jetpack_sharing_enabled":true,"jetpack_likes_enabled":true,"amp_enabled":true,"_links":{"self":[{"href":"https:\/\/encuentroinformativo.com.mx\/index.php?rest_route=\/wp\/v2\/posts\/25245","targetHints":{"allow":["GET"]}}],"collection":[{"href":"https:\/\/encuentroinformativo.com.mx\/index.php?rest_route=\/wp\/v2\/posts"}],"about":[{"href":"https:\/\/encuentroinformativo.com.mx\/index.php?rest_route=\/wp\/v2\/types\/post"}],"author":[{"embeddable":true,"href":"https:\/\/encuentroinformativo.com.mx\/index.php?rest_route=\/wp\/v2\/users\/1"}],"replies":[{"embeddable":true,"href":"https:\/\/encuentroinformativo.com.mx\/index.php?rest_route=%2Fwp%2Fv2%2Fcomments&post=25245"}],"version-history":[{"count":1,"href":"https:\/\/encuentroinformativo.com.mx\/index.php?rest_route=\/wp\/v2\/posts\/25245\/revisions"}],"predecessor-version":[{"id":25247,"href":"https:\/\/encuentroinformativo.com.mx\/index.php?rest_route=\/wp\/v2\/posts\/25245\/revisions\/25247"}],"wp:featuredmedia":[{"embeddable":true,"href":"https:\/\/encuentroinformativo.com.mx\/index.php?rest_route=\/wp\/v2\/media\/25246"}],"wp:attachment":[{"href":"https:\/\/encuentroinformativo.com.mx\/index.php?rest_route=%2Fwp%2Fv2%2Fmedia&parent=25245"}],"wp:term":[{"taxonomy":"category","embeddable":true,"href":"https:\/\/encuentroinformativo.com.mx\/index.php?rest_route=%2Fwp%2Fv2%2Fcategories&post=25245"},{"taxonomy":"post_tag","embeddable":true,"href":"https:\/\/encuentroinformativo.com.mx\/index.php?rest_route=%2Fwp%2Fv2%2Ftags&post=25245"}],"curies":[{"name":"wp","href":"https:\/\/api.w.org\/{rel}","templated":true}]}}