{"id":25250,"date":"2022-03-28T16:30:15","date_gmt":"2022-03-28T22:30:15","guid":{"rendered":"https:\/\/encuentroinformativo.com.mx\/?p=25250"},"modified":"2022-03-28T16:30:18","modified_gmt":"2022-03-28T22:30:18","slug":"con-bloqueos-vuelve-a-reclamar-plaza","status":"publish","type":"post","link":"https:\/\/encuentroinformativo.com.mx\/?p=25250","title":{"rendered":"Con bloqueos, vuelve a reclamar plaza"},"content":{"rendered":"\n<p>Xalapa, Ver.- Topacio Citlali Ram\u00edrez Hern\u00e1ndez qui\u00e9n lidera el movimiento de Unidad popular, &#8220;Francisco Villa&#8221;, la tarde de este lunes junto a colonos bloquearon la calle Enr\u00edquez para pedir que se le devuelva de su plaza de docente adem\u00e1s de exigir la entrega de tinacos, drenajes, comedores\u00a0 comunitarios entre otros.<\/p>\n\n\n\n<p>El bloqueo colaps\u00f3 las calles del centro de la ciudad.<\/p>\n\n\n\n<figure class=\"wp-block-image size-large\"><img loading=\"lazy\" decoding=\"async\" width=\"1024\" height=\"683\" src=\"https:\/\/encuentroinformativo.com.mx\/wp-content\/uploads\/2022\/03\/F96ECC3D-7410-4AC8-A6ED-6C8ABCDFC3BE-1024x683.jpeg\" alt=\"\" class=\"wp-image-25252\" srcset=\"https:\/\/encuentroinformativo.com.mx\/wp-content\/uploads\/2022\/03\/F96ECC3D-7410-4AC8-A6ED-6C8ABCDFC3BE-1024x683.jpeg 1024w, https:\/\/encuentroinformativo.com.mx\/wp-content\/uploads\/2022\/03\/F96ECC3D-7410-4AC8-A6ED-6C8ABCDFC3BE-300x200.jpeg 300w, https:\/\/encuentroinformativo.com.mx\/wp-content\/uploads\/2022\/03\/F96ECC3D-7410-4AC8-A6ED-6C8ABCDFC3BE-768x512.jpeg 768w, https:\/\/encuentroinformativo.com.mx\/wp-content\/uploads\/2022\/03\/F96ECC3D-7410-4AC8-A6ED-6C8ABCDFC3BE.jpeg 1488w\" sizes=\"auto, (max-width: 1024px) 100vw, 1024px\" \/><\/figure>\n","protected":false},"excerpt":{"rendered":"<p>Xalapa, Ver.- Topacio Citlali Ram\u00edrez Hern\u00e1ndez qui\u00e9n lidera el movimiento de Unidad popular, &#8220;Francisco Villa&#8221;, la tarde de este lunes junto a colonos bloquearon la calle Enr\u00edquez para pedir que se le devuelva de su plaza de docente adem\u00e1s de exigir la entrega de tinacos, drenajes, comedores\u00a0 comunitarios entre otros. El bloqueo colaps\u00f3 las calles [&hellip;]<\/p>\n","protected":false},"author":1,"featured_media":25251,"comment_status":"open","ping_status":"open","sticky":false,"template":"","format":"standard","meta":{"_jetpack_memberships_contains_paid_content":false,"footnotes":""},"categories":[3],"tags":[],"class_list":["post-25250","post","type-post","status-publish","format-standard","has-post-thumbnail","hentry","category-xalapa"],"jetpack_featured_media_url":"https:\/\/encuentroinformativo.com.mx\/wp-content\/uploads\/2022\/03\/8968BDF4-5479-4483-B6BB-7D9D1B0B7A2E.jpeg","jetpack_sharing_enabled":true,"jetpack_likes_enabled":true,"amp_enabled":true,"_links":{"self":[{"href":"https:\/\/encuentroinformativo.com.mx\/index.php?rest_route=\/wp\/v2\/posts\/25250","targetHints":{"allow":["GET"]}}],"collection":[{"href":"https:\/\/encuentroinformativo.com.mx\/index.php?rest_route=\/wp\/v2\/posts"}],"about":[{"href":"https:\/\/encuentroinformativo.com.mx\/index.php?rest_route=\/wp\/v2\/types\/post"}],"author":[{"embeddable":true,"href":"https:\/\/encuentroinformativo.com.mx\/index.php?rest_route=\/wp\/v2\/users\/1"}],"replies":[{"embeddable":true,"href":"https:\/\/encuentroinformativo.com.mx\/index.php?rest_route=%2Fwp%2Fv2%2Fcomments&post=25250"}],"version-history":[{"count":1,"href":"https:\/\/encuentroinformativo.com.mx\/index.php?rest_route=\/wp\/v2\/posts\/25250\/revisions"}],"predecessor-version":[{"id":25253,"href":"https:\/\/encuentroinformativo.com.mx\/index.php?rest_route=\/wp\/v2\/posts\/25250\/revisions\/25253"}],"wp:featuredmedia":[{"embeddable":true,"href":"https:\/\/encuentroinformativo.com.mx\/index.php?rest_route=\/wp\/v2\/media\/25251"}],"wp:attachment":[{"href":"https:\/\/encuentroinformativo.com.mx\/index.php?rest_route=%2Fwp%2Fv2%2Fmedia&parent=25250"}],"wp:term":[{"taxonomy":"category","embeddable":true,"href":"https:\/\/encuentroinformativo.com.mx\/index.php?rest_route=%2Fwp%2Fv2%2Fcategories&post=25250"},{"taxonomy":"post_tag","embeddable":true,"href":"https:\/\/encuentroinformativo.com.mx\/index.php?rest_route=%2Fwp%2Fv2%2Ftags&post=25250"}],"curies":[{"name":"wp","href":"https:\/\/api.w.org\/{rel}","templated":true}]}}