{"id":25261,"date":"2022-03-29T08:38:12","date_gmt":"2022-03-29T14:38:12","guid":{"rendered":"https:\/\/encuentroinformativo.com.mx\/?p=25261"},"modified":"2022-03-29T08:38:16","modified_gmt":"2022-03-29T14:38:16","slug":"descansa-en-paz-amigo-lezama","status":"publish","type":"post","link":"https:\/\/encuentroinformativo.com.mx\/?p=25261","title":{"rendered":"DESCANSA EN PAZ, AMIGO LEZAMA"},"content":{"rendered":"\n<p><strong>ColumnaSinNombre<br>@pablojair<\/strong><\/p>\n\n\n\n<ul class=\"wp-block-list\"><li>No se hagan chaquetas; ah\u00ed est\u00e1n las cifras del PREP.<\/li><\/ul>\n\n\n\n<p>Y al primero que me diga pel\u00f3n, le digo al Will Smith\u2026<br>\u2014Chopenjawer<\/p>\n\n\n\n<p>Al &#8220;conta&#8221; lo conoc\u00ed por casualidad durante la campa\u00f1a de Javier Duarte a la gubernatura. En Nopaltepec, en un evento significativo por ser tierra del entonces gobernador Fidel Herrera, V\u00edctor Manuel Lezama Ordo\u00f1ez era uno de los encargados de la log\u00edstica por parte del PRI, por su prodigiosa memoria.<\/p>\n\n\n\n<p>Y es que muchos ni siquiera conoc\u00edan a los asistentes que deb\u00edan subir al p\u00f3dium, pero Lezama conoc\u00eda a todos, como as\u00ed conoc\u00eda el estado.<\/p>\n\n\n\n<p>Tiempos despu\u00e9s sabr\u00eda que era uno de los amigos m\u00e1s cercanos de mi patr\u00f3n C\u00e9sar V\u00e1zquez Chagoya, con quien se reun\u00eda peri\u00f3dicamente para hacer an\u00e1lisis de la situaci\u00f3n pol\u00edtica de cada municipio: los actores relevantes, los problemas latentes, los grupos de poder\u2026 Eran charlas de horas donde uno nom\u00e1s escuchaba, aprend\u00eda, y se terminaba a veces con un incuestionable &#8220;\u00bfNo se te antojan unas cervecitas?\u201d del analista minatitleco.<\/p>\n\n\n\n<p>Lezama gozaba de tal memoria, que cuando contaba una historia la llenaba de muchos detalles. As\u00ed las pl\u00e1ticas eran largas y entretenidas, porque adem\u00e1s las narraba con un gran sentido del humor.<\/p>\n\n\n\n<p>Una historia que me dio mucha risa &#8211;por la forma tan divertida en que lo contaba&#8211; es cuando hizo sus pininos en el PRI; contaba que en ese entonces hab\u00eda un evento donde convocaron a toda la gente en su natal Poza Rica porque iba a llegar el presidente estatal (si no mal recuerdo, era el &#8220;profe&#8221; Guillermo Z\u00fa\u00f1iga Mart\u00ednez) y ah\u00ed fue de chismoso a participar. H\u00e1bil, con mucho colmillo, Lezama vio que todos los que acompa\u00f1aban al dirigente partidista andaban lentos y la log\u00edstica muy confundida. Fue \u00e9l quien meti\u00f3 orden como parte de una avanzada improvisada que logr\u00f3 hacer llegar a los VIP al escenario sin problemas; todav\u00eda se qued\u00f3 atr\u00e1s del escenario para ver el evento, pero el presidente del PRI lo llamaba &#8211;sin conocerlo&#8211; para pedirle que lo apoyara para pasar mensajes, tomar agua, etc.<\/p>\n\n\n\n<p>Como vio que el muchacho era movido, hasta se lo trajeron ese mismo d\u00eda a Xalapa y Lezama cuenta que le toc\u00f3 saludar a sus cuates cuando vieron que parti\u00f3 en la caravana rumbo a la capital del estado y comer en la misma mesa de los pol\u00edticos pesados del tricolor en ese entonces.<\/p>\n\n\n\n<p>En su juventud, con Don C\u00e9sar hizo equipo porque andaban para todos lados pintando bardas, poniendo pendones, etc., para la publicidad de los candidatos del PRI. Aventuras donde viajaban hasta la batea de una camioneta, a la intemperie, como buenos chamacos temerarios.<\/p>\n\n\n\n<p>Lezama era un personaje con mucha informaci\u00f3n y an\u00e9cdotas. Conoc\u00eda los rincones del estado y sab\u00eda leer las circunstancias pol\u00edticas. Era un hombre informado, pero adem\u00e1s observador, forjado en la vieja escuela de la pol\u00edtica, institucional, pero llevadero con medio mundo y por lo mismo ten\u00eda muchos amigos.<\/p>\n\n\n\n<p>Fue de los pocos y verdaderos amigos que estuvo presente en el funeral del patr\u00f3n C\u00e9sar. Es curioso (tambi\u00e9n chistoso, si me permiten la gracia m\u00f3rbida) pero V\u00e1zquez Chagoya dec\u00eda que Lezama era el que estaba en todos los velorios y por eso se sab\u00eda todos los chismes que se generaban en las funerarias.<\/p>\n\n\n\n<p>Su gran padecimiento era la diabetes y no hace mucho hab\u00eda tenido algunas complicaciones de salud que lo llevaron a exiliarse en su natal Poza Rica, en casa de sus hermanos. En la segunda Cumbre Taj\u00edn de la 4T &#8211;cuando inici\u00f3 la pandemia&#8211; tuvimos la oportunidad de ir a saludarlo y comer junto con Jos\u00e9 Ortiz Medina. Se ve\u00eda m\u00e1s recuperado y estaba contento.<\/p>\n\n\n\n<p>Desde que el PRI sali\u00f3 del poder, tuvo problemas para conseguir trabajo, ya que tanto el gobierno de Miguel \u00c1ngel Yunes Linares como el de Morena no le daban la oportunidad de aprovechar su experiencia. Pas\u00f3 a lo que los pri\u00edstas le llaman &#8220;LA RENATA&#8221; o &#8220;La Reserva Nacional de Talentos&#8221;.<\/p>\n\n\n\n<p>Entre tantas pl\u00e1ticas, \u00e9l contaba que se sent\u00eda un poco arrepentido de no haber trabajado en Pemex como casi todos los hijos de petroleros estamos destinados. Dec\u00eda que a estas alturas de su vida ya estar\u00eda jubilado, resuelta la vida, con dinero\u2026<\/p>\n\n\n\n<p>&#8220;Pero brother, nos gusta esta madre y aqu\u00ed andamos&#8221;.<\/p>\n\n\n\n<p>Casi terminando el a\u00f1o pasado, el &#8220;conta&#8221; y yo nos fuimos a echar un taco a conocido restaurante del centro de Xalapa. Me contaba que estaba muy contento porque por fin tendr\u00eda trabajo (luego de 5 a\u00f1os desempleado) en el Ayuntamiento de Xalapa, con un regidor. Quedamos en echarnos unas fr\u00edas en casa para celebrar su nombramiento, pero el tiempo nos alcanz\u00f3.<\/p>\n\n\n\n<p>Este lunes 28 de marzo, parti\u00f3 de este mundo y nos deja una gran tristeza. Se fue uno los grandes tipazos que conoc\u00ed en Xalapa.<\/p>\n\n\n\n<p>A Lezama seguramente lo van a extra\u00f1ar muchos y muchas. Ten\u00eda ese don de gente, como pocos, para hacer amigos.<\/p>\n\n\n\n<p>Descansa en paz, querido amigo. Dale un abrazote a Don C\u00e9sar y \u00e9chense sus chelitas, brother. As\u00ed sea.<\/p>\n\n\n\n<p><strong>\u00daNICA NOTA PARA PEGAR EN EL REFRI: <\/strong>S\u00f3lo hay que leer las cifras del PREP para medir m\u00e1s o menos c\u00f3mo est\u00e1 la popularidad de los partidos de oposici\u00f3n y c\u00f3mo est\u00e1 Morena y sus aliados para dejarse de chaquetas mentales\u2026 De entrada, el PRI, el PAN y el Verde tuvieron resultados muy bajos y entre los cuatro municipios apenas alcanzaron entre el 0.5 y 1% de la votaci\u00f3n total. El PRD dio el gane, pero en un municipio peque\u00f1o enclavado en la Huasteca, donde gan\u00f3 con mil 600 votos y en todo el estado tuvo 7.6% de votos. Otro que rebas\u00f3 el 7% fue Movimiento Ciudadano y de ah\u00ed todo se reparti\u00f3 entre la \u201cchiquillada\u201d de los partidos rescatados que incluso ya hab\u00edan perdido registro\u2026 En general, seg\u00fan cifras del OPLE, Morena y PT alcanzaron cerca del 55% de la votaci\u00f3n total. S\u00f3lo es cosa de ver la tabla general de votaciones con los n\u00fameros fr\u00edos: no hay que interpretar nada. Ah\u00ed est\u00e1 todo.<\/p>\n","protected":false},"excerpt":{"rendered":"<p>ColumnaSinNombre@pablojair No se hagan chaquetas; ah\u00ed est\u00e1n las cifras del PREP. Y al primero que me diga pel\u00f3n, le digo al Will Smith\u2026\u2014Chopenjawer Al &#8220;conta&#8221; lo conoc\u00ed por casualidad durante la campa\u00f1a de Javier Duarte a la gubernatura. En Nopaltepec, en un evento significativo por ser tierra del entonces gobernador Fidel Herrera, V\u00edctor Manuel Lezama [&hellip;]<\/p>\n","protected":false},"author":1,"featured_media":488,"comment_status":"open","ping_status":"open","sticky":false,"template":"","format":"standard","meta":{"_jetpack_memberships_contains_paid_content":false,"footnotes":""},"categories":[11],"tags":[],"class_list":["post-25261","post","type-post","status-publish","format-standard","has-post-thumbnail","hentry","category-opinion"],"jetpack_featured_media_url":"https:\/\/encuentroinformativo.com.mx\/wp-content\/uploads\/2020\/03\/F471F608-BA1A-416B-BA7B-BCFB24F4E6D0.jpeg","jetpack_sharing_enabled":true,"jetpack_likes_enabled":true,"amp_enabled":true,"_links":{"self":[{"href":"https:\/\/encuentroinformativo.com.mx\/index.php?rest_route=\/wp\/v2\/posts\/25261","targetHints":{"allow":["GET"]}}],"collection":[{"href":"https:\/\/encuentroinformativo.com.mx\/index.php?rest_route=\/wp\/v2\/posts"}],"about":[{"href":"https:\/\/encuentroinformativo.com.mx\/index.php?rest_route=\/wp\/v2\/types\/post"}],"author":[{"embeddable":true,"href":"https:\/\/encuentroinformativo.com.mx\/index.php?rest_route=\/wp\/v2\/users\/1"}],"replies":[{"embeddable":true,"href":"https:\/\/encuentroinformativo.com.mx\/index.php?rest_route=%2Fwp%2Fv2%2Fcomments&post=25261"}],"version-history":[{"count":1,"href":"https:\/\/encuentroinformativo.com.mx\/index.php?rest_route=\/wp\/v2\/posts\/25261\/revisions"}],"predecessor-version":[{"id":25262,"href":"https:\/\/encuentroinformativo.com.mx\/index.php?rest_route=\/wp\/v2\/posts\/25261\/revisions\/25262"}],"wp:featuredmedia":[{"embeddable":true,"href":"https:\/\/encuentroinformativo.com.mx\/index.php?rest_route=\/wp\/v2\/media\/488"}],"wp:attachment":[{"href":"https:\/\/encuentroinformativo.com.mx\/index.php?rest_route=%2Fwp%2Fv2%2Fmedia&parent=25261"}],"wp:term":[{"taxonomy":"category","embeddable":true,"href":"https:\/\/encuentroinformativo.com.mx\/index.php?rest_route=%2Fwp%2Fv2%2Fcategories&post=25261"},{"taxonomy":"post_tag","embeddable":true,"href":"https:\/\/encuentroinformativo.com.mx\/index.php?rest_route=%2Fwp%2Fv2%2Ftags&post=25261"}],"curies":[{"name":"wp","href":"https:\/\/api.w.org\/{rel}","templated":true}]}}