{"id":25264,"date":"2022-03-29T08:45:43","date_gmt":"2022-03-29T14:45:43","guid":{"rendered":"https:\/\/encuentroinformativo.com.mx\/?p=25264"},"modified":"2022-03-29T08:45:47","modified_gmt":"2022-03-29T14:45:47","slug":"reforma-electrica-aumentara-costos-afirma-diputado","status":"publish","type":"post","link":"https:\/\/encuentroinformativo.com.mx\/?p=25264","title":{"rendered":"Reforma El\u00e9ctrica aumentar\u00e1 costos, afirma diputado"},"content":{"rendered":"\n<p><strong>Alejandro \u00c1vila<\/strong><\/p>\n\n\n\n<p>Veracruz, Ver.- El diputado federal, Carlos Alberto Valenzuela Gonz\u00e1lez se\u00f1al\u00f3 que, la aprobaci\u00f3n de la Reforma El\u00e9ctrica aumentar\u00eda los costos en el pago de la energ\u00eda el\u00e9ctrica a la poblaci\u00f3n y atentar\u00eda contra las energ\u00edas limpias; adem\u00e1s de afectar lo pactado por M\u00e9xico en la agenda 20-30.<\/p>\n\n\n\n<p>El vicecoordinador del Grupo Parlamentario del PAN reconoci\u00f3 que, para concretarse, la C\u00e1mara de Diputados necesita forzosamente de las dos terceras partes de los votos, lo cual hasta el momento no ha conseguido la bancada de Morena y adelant\u00f3, los grupos de oposici\u00f3n votaron en contra; lamentando as\u00ed, se ha hecho perder el tiempo a los participantes en los Foros Abiertos que Se realizaron.<\/p>\n\n\n\n<p>\u201cComo lo anunciamos anteriormente, esto fue un acto de simulaci\u00f3n desde un inicio por parte del gobierno del presidente L\u00f3pez Obrador. No se escuch\u00f3 y se les hizo perder el tiempo a todos estos sectores que se presentaron en el parlamento abierto\u201d, apunt\u00f3.<\/p>\n\n\n\n<p>El tambi\u00e9n Secretario de la Comisi\u00f3n de Hacienda y Cr\u00e9dito P\u00fablico inform\u00f3 que, a partir de esta semana inicia el debate en el Congreso sobre esta propuesta en comisiones, para que el d\u00eda 13 de abril supuestamente, se vote y en su caso se apruebe o rechace esta iniciativa por las dos terceras partes de la c\u00e1mara legislativa.&nbsp;<\/p>\n\n\n\n<p>\u201cDurante 45 d\u00edas estuvimos en parlamentos abiertos donde se cont\u00f3 con la participaci\u00f3n de expertos en el ramo energ\u00e9tico, expertos acad\u00e9micos, del sector industrial, en donde se escucharon todas las luces para poder hacer un consenso general y poder generar una reforma energ\u00e9tica integral donde se escucharon todas las opiniones y no solo la opini\u00f3n del gobierno, la opini\u00f3n de la mayor\u00eda&#8221;, subray\u00f3.<\/p>\n\n\n\n<p>Finalmente el panista recalc\u00f3 qu\u00e9, la oposici\u00f3n est\u00e1 firme en contra de la Reforma El\u00e9ctrica ya que su partido lo ha dejado en claro desde un principio, por lo que, no se acompa\u00f1ar\u00e1 una reforma que monopolice la generaci\u00f3n de energ\u00eda como lo quieren hacer a trav\u00e9s de la Comisi\u00f3n Federal de Electricidad.<\/p>\n\n\n\n<p>\u201cAcci\u00f3n Nacional no apoyar\u00e1 una Reforma que encarezca los costos, lo que se va a hacer es darle todo el poder a Comisi\u00f3n Federal de Electricidad para la generaci\u00f3n y la producci\u00f3n de energ\u00eda el\u00e9ctrica, lo que va a encarecer los costos y donde lamentablemente vamos a tener una regresi\u00f3n de m\u00e1s de 50 a\u00f1os en materia de energ\u00edas limpias&#8221;, asest\u00f3.<\/p>\n","protected":false},"excerpt":{"rendered":"<p>Alejandro \u00c1vila Veracruz, Ver.- El diputado federal, Carlos Alberto Valenzuela Gonz\u00e1lez se\u00f1al\u00f3 que, la aprobaci\u00f3n de la Reforma El\u00e9ctrica aumentar\u00eda los costos en el pago de la energ\u00eda el\u00e9ctrica a la poblaci\u00f3n y atentar\u00eda contra las energ\u00edas limpias; adem\u00e1s de afectar lo pactado por M\u00e9xico en la agenda 20-30. El vicecoordinador del Grupo Parlamentario del [&hellip;]<\/p>\n","protected":false},"author":1,"featured_media":19729,"comment_status":"open","ping_status":"open","sticky":false,"template":"","format":"standard","meta":{"_jetpack_memberships_contains_paid_content":false,"footnotes":""},"categories":[2],"tags":[],"class_list":["post-25264","post","type-post","status-publish","format-standard","has-post-thumbnail","hentry","category-estado"],"jetpack_featured_media_url":"https:\/\/encuentroinformativo.com.mx\/wp-content\/uploads\/2021\/10\/6E75108C-5493-400A-BCB7-C97DF92F766C-scaled.jpeg","jetpack_sharing_enabled":true,"jetpack_likes_enabled":true,"amp_enabled":true,"_links":{"self":[{"href":"https:\/\/encuentroinformativo.com.mx\/index.php?rest_route=\/wp\/v2\/posts\/25264","targetHints":{"allow":["GET"]}}],"collection":[{"href":"https:\/\/encuentroinformativo.com.mx\/index.php?rest_route=\/wp\/v2\/posts"}],"about":[{"href":"https:\/\/encuentroinformativo.com.mx\/index.php?rest_route=\/wp\/v2\/types\/post"}],"author":[{"embeddable":true,"href":"https:\/\/encuentroinformativo.com.mx\/index.php?rest_route=\/wp\/v2\/users\/1"}],"replies":[{"embeddable":true,"href":"https:\/\/encuentroinformativo.com.mx\/index.php?rest_route=%2Fwp%2Fv2%2Fcomments&post=25264"}],"version-history":[{"count":1,"href":"https:\/\/encuentroinformativo.com.mx\/index.php?rest_route=\/wp\/v2\/posts\/25264\/revisions"}],"predecessor-version":[{"id":25265,"href":"https:\/\/encuentroinformativo.com.mx\/index.php?rest_route=\/wp\/v2\/posts\/25264\/revisions\/25265"}],"wp:featuredmedia":[{"embeddable":true,"href":"https:\/\/encuentroinformativo.com.mx\/index.php?rest_route=\/wp\/v2\/media\/19729"}],"wp:attachment":[{"href":"https:\/\/encuentroinformativo.com.mx\/index.php?rest_route=%2Fwp%2Fv2%2Fmedia&parent=25264"}],"wp:term":[{"taxonomy":"category","embeddable":true,"href":"https:\/\/encuentroinformativo.com.mx\/index.php?rest_route=%2Fwp%2Fv2%2Fcategories&post=25264"},{"taxonomy":"post_tag","embeddable":true,"href":"https:\/\/encuentroinformativo.com.mx\/index.php?rest_route=%2Fwp%2Fv2%2Ftags&post=25264"}],"curies":[{"name":"wp","href":"https:\/\/api.w.org\/{rel}","templated":true}]}}