{"id":25278,"date":"2022-03-29T13:22:56","date_gmt":"2022-03-29T19:22:56","guid":{"rendered":"https:\/\/encuentroinformativo.com.mx\/?p=25278"},"modified":"2022-03-29T13:23:00","modified_gmt":"2022-03-29T19:23:00","slug":"abren-modulo-dif-en-la-localidad-de-vargas","status":"publish","type":"post","link":"https:\/\/encuentroinformativo.com.mx\/?p=25278","title":{"rendered":"Abren m\u00f3dulo DIF en la localidad de Vargas"},"content":{"rendered":"\n<p><strong>Alejandro \u00c1vila<\/strong><\/p>\n\n\n\n<p>Veracruz, Ver.- Doce a\u00f1os despu\u00e9s, el Ayuntamiento de Veracruz volvi\u00f3 abrir el m\u00f3dulo del DIF Municipal en la localidad de Vargas.<\/p>\n\n\n\n<p>Este m\u00f3dulo que dar\u00e1 atenci\u00f3n m\u00e9dica, psicol\u00f3gica, asesor\u00eda jur\u00eddica, talleres de emprendimiento y ser\u00e1 el v\u00ednculo para realizar tr\u00e1mites municipales, estar\u00e1 abierto de 9 a 14 horas, y el encargado ser\u00e1 el vecino Carlos P\u00e9rez.<\/p>\n\n\n\n<p>En dicho evento estuvieron presentes, el director de Fomento Agropecuario, Carlos Sosa Ahumada; el Agente Municipal, Eduardo Colorado Zapata; y la subdirectora de Integraci\u00f3n Social, Mar\u00eda Jos\u00e9 Huerta P\u00e9rez Fraga; esta \u00faltima, puntualiz\u00f3 los servicios que se dar\u00e1n en el m\u00f3dulo del DIF.<\/p>\n\n\n\n<p>&#8220;Tenemos diferentes servicios, traemos doctor, nutri\u00f3logo, abogado, psic\u00f3logo, contamos tambi\u00e9n con bolsa de trabajo que nos vienen nuestros compa\u00f1eros del Ayuntamiento a ofrecer diversos trabajos, a lo mejor ustedes no est\u00e1n buscando, pero para su hijo, primo, amigo, t\u00edo, d\u00edgale que estamos aqu\u00ed el d\u00eda de hoy. Traemos tambi\u00e9n la solicitud de aparatos funcionales, si alguno necesita alguna silla de ruedas, bast\u00f3n lo que necesiten, a lo mejor no lo traemos ahorita el apoyo pero hacemos la gesti\u00f3n&#8221;, subray\u00f3.<\/p>\n\n\n\n<p>A los diversos m\u00f3dulos del DIF que hab\u00edan estado sin operar en la zona rural, les fue levantado un censo durante la administraci\u00f3n anterior y comenzaron con sus respectivas remodelaciones; a partir de la actual administraci\u00f3n comenzar\u00e1n a ser dotados de los servicios necesarios para las respectivas comunidades, y en breve se espera que se vuelvan a abrir los espacios en las localidades de Santa Fe, Paso San Juan, El Pando, Villar\u00edn y San Juli\u00e1n, con la finalidad de que el Ayuntamiento se acerque a los ciudadanos de la zona rural, para que no solamente se sientan atendidos, sino tambi\u00e9n respaldados.<\/p>\n","protected":false},"excerpt":{"rendered":"<p>Alejandro \u00c1vila Veracruz, Ver.- Doce a\u00f1os despu\u00e9s, el Ayuntamiento de Veracruz volvi\u00f3 abrir el m\u00f3dulo del DIF Municipal en la localidad de Vargas. Este m\u00f3dulo que dar\u00e1 atenci\u00f3n m\u00e9dica, psicol\u00f3gica, asesor\u00eda jur\u00eddica, talleres de emprendimiento y ser\u00e1 el v\u00ednculo para realizar tr\u00e1mites municipales, estar\u00e1 abierto de 9 a 14 horas, y el encargado ser\u00e1 el [&hellip;]<\/p>\n","protected":false},"author":1,"featured_media":25279,"comment_status":"open","ping_status":"open","sticky":false,"template":"","format":"standard","meta":{"_jetpack_memberships_contains_paid_content":false,"footnotes":""},"categories":[2],"tags":[],"class_list":["post-25278","post","type-post","status-publish","format-standard","has-post-thumbnail","hentry","category-estado"],"jetpack_featured_media_url":"https:\/\/encuentroinformativo.com.mx\/wp-content\/uploads\/2022\/03\/24138B63-7E25-429A-A7E7-32BBE8F05EA2.jpeg","jetpack_sharing_enabled":true,"jetpack_likes_enabled":true,"amp_enabled":true,"_links":{"self":[{"href":"https:\/\/encuentroinformativo.com.mx\/index.php?rest_route=\/wp\/v2\/posts\/25278","targetHints":{"allow":["GET"]}}],"collection":[{"href":"https:\/\/encuentroinformativo.com.mx\/index.php?rest_route=\/wp\/v2\/posts"}],"about":[{"href":"https:\/\/encuentroinformativo.com.mx\/index.php?rest_route=\/wp\/v2\/types\/post"}],"author":[{"embeddable":true,"href":"https:\/\/encuentroinformativo.com.mx\/index.php?rest_route=\/wp\/v2\/users\/1"}],"replies":[{"embeddable":true,"href":"https:\/\/encuentroinformativo.com.mx\/index.php?rest_route=%2Fwp%2Fv2%2Fcomments&post=25278"}],"version-history":[{"count":1,"href":"https:\/\/encuentroinformativo.com.mx\/index.php?rest_route=\/wp\/v2\/posts\/25278\/revisions"}],"predecessor-version":[{"id":25280,"href":"https:\/\/encuentroinformativo.com.mx\/index.php?rest_route=\/wp\/v2\/posts\/25278\/revisions\/25280"}],"wp:featuredmedia":[{"embeddable":true,"href":"https:\/\/encuentroinformativo.com.mx\/index.php?rest_route=\/wp\/v2\/media\/25279"}],"wp:attachment":[{"href":"https:\/\/encuentroinformativo.com.mx\/index.php?rest_route=%2Fwp%2Fv2%2Fmedia&parent=25278"}],"wp:term":[{"taxonomy":"category","embeddable":true,"href":"https:\/\/encuentroinformativo.com.mx\/index.php?rest_route=%2Fwp%2Fv2%2Fcategories&post=25278"},{"taxonomy":"post_tag","embeddable":true,"href":"https:\/\/encuentroinformativo.com.mx\/index.php?rest_route=%2Fwp%2Fv2%2Ftags&post=25278"}],"curies":[{"name":"wp","href":"https:\/\/api.w.org\/{rel}","templated":true}]}}