{"id":25289,"date":"2022-03-29T13:58:22","date_gmt":"2022-03-29T19:58:22","guid":{"rendered":"https:\/\/encuentroinformativo.com.mx\/?p=25289"},"modified":"2022-03-29T13:58:26","modified_gmt":"2022-03-29T19:58:26","slug":"falta-de-obras-afecto-a-la-croc-senala-delegado","status":"publish","type":"post","link":"https:\/\/encuentroinformativo.com.mx\/?p=25289","title":{"rendered":"Falta de obras afect\u00f3 a la CROC, se\u00f1ala delegado"},"content":{"rendered":"\n<p>Xalapa, Ver.- Ignacio Fern\u00e1ndez Morales, delegado de transporte de la CROC dijo que se han quedado sin trabajo por falta de obra en el sector p\u00fablico y privado. <\/p>\n\n\n\n<p>Entrevistado en conocido caf\u00e9 reconoci\u00f3 que no hay inversi\u00f3n, lo que ha afectado desde el camionero, el mec\u00e1nico, el alba\u00f1il porque el sector de la construcci\u00f3n es un ramo extenso.<\/p>\n\n\n\n<p>Motivo por el cual coment\u00f3 que esperan que en la administraci\u00f3n municipal en Xalapa haya una reactivaci\u00f3n de las obras que beneficie a empresas locales.<\/p>\n","protected":false},"excerpt":{"rendered":"<p>Xalapa, Ver.- Ignacio Fern\u00e1ndez Morales, delegado de transporte de la CROC dijo que se han quedado sin trabajo por falta de obra en el sector p\u00fablico y privado. Entrevistado en conocido caf\u00e9 reconoci\u00f3 que no hay inversi\u00f3n, lo que ha afectado desde el camionero, el mec\u00e1nico, el alba\u00f1il porque el sector de la construcci\u00f3n es [&hellip;]<\/p>\n","protected":false},"author":1,"featured_media":25290,"comment_status":"open","ping_status":"open","sticky":false,"template":"","format":"standard","meta":{"_jetpack_memberships_contains_paid_content":false,"footnotes":""},"categories":[3],"tags":[],"class_list":["post-25289","post","type-post","status-publish","format-standard","has-post-thumbnail","hentry","category-xalapa"],"jetpack_featured_media_url":"https:\/\/encuentroinformativo.com.mx\/wp-content\/uploads\/2022\/03\/C727826B-FB12-4C87-AAF8-185D50976295.jpeg","jetpack_sharing_enabled":true,"jetpack_likes_enabled":true,"amp_enabled":true,"_links":{"self":[{"href":"https:\/\/encuentroinformativo.com.mx\/index.php?rest_route=\/wp\/v2\/posts\/25289","targetHints":{"allow":["GET"]}}],"collection":[{"href":"https:\/\/encuentroinformativo.com.mx\/index.php?rest_route=\/wp\/v2\/posts"}],"about":[{"href":"https:\/\/encuentroinformativo.com.mx\/index.php?rest_route=\/wp\/v2\/types\/post"}],"author":[{"embeddable":true,"href":"https:\/\/encuentroinformativo.com.mx\/index.php?rest_route=\/wp\/v2\/users\/1"}],"replies":[{"embeddable":true,"href":"https:\/\/encuentroinformativo.com.mx\/index.php?rest_route=%2Fwp%2Fv2%2Fcomments&post=25289"}],"version-history":[{"count":1,"href":"https:\/\/encuentroinformativo.com.mx\/index.php?rest_route=\/wp\/v2\/posts\/25289\/revisions"}],"predecessor-version":[{"id":25291,"href":"https:\/\/encuentroinformativo.com.mx\/index.php?rest_route=\/wp\/v2\/posts\/25289\/revisions\/25291"}],"wp:featuredmedia":[{"embeddable":true,"href":"https:\/\/encuentroinformativo.com.mx\/index.php?rest_route=\/wp\/v2\/media\/25290"}],"wp:attachment":[{"href":"https:\/\/encuentroinformativo.com.mx\/index.php?rest_route=%2Fwp%2Fv2%2Fmedia&parent=25289"}],"wp:term":[{"taxonomy":"category","embeddable":true,"href":"https:\/\/encuentroinformativo.com.mx\/index.php?rest_route=%2Fwp%2Fv2%2Fcategories&post=25289"},{"taxonomy":"post_tag","embeddable":true,"href":"https:\/\/encuentroinformativo.com.mx\/index.php?rest_route=%2Fwp%2Fv2%2Ftags&post=25289"}],"curies":[{"name":"wp","href":"https:\/\/api.w.org\/{rel}","templated":true}]}}