{"id":25298,"date":"2022-03-29T16:15:23","date_gmt":"2022-03-29T22:15:23","guid":{"rendered":"https:\/\/encuentroinformativo.com.mx\/?p=25298"},"modified":"2022-03-29T16:15:26","modified_gmt":"2022-03-29T22:15:26","slug":"pandemia-evito-rehabilitacion-integral-del-colegio-de-bachilleres-acusan-docentes","status":"publish","type":"post","link":"https:\/\/encuentroinformativo.com.mx\/?p=25298","title":{"rendered":"Pandemia evit\u00f3 rehabilitaci\u00f3n integral del Colegio de Bachilleres, acusan docentes"},"content":{"rendered":"\n<p><strong>Alejandro \u00c1vila<\/strong><\/p>\n\n\n\n<p>Veracruz, Ver.- La pandemia ha servido como pretexto a los pol\u00edticos para evitar la rehabilitaci\u00f3n integral del Colegio de Bachilleres de Veracruz, acusaron docentes, personal administrativo y padres de familia.<\/p>\n\n\n\n<p>Los quejosos se manifestaron la ma\u00f1ana de este martes a las afueras del plantel educativo, pues se\u00f1alan existe el riesgo de que alguien salga lastimado, debido a las malas condiciones en las que se encuentra la infraestructura de un edificio de m\u00e1s de 60 a\u00f1os.<\/p>\n\n\n\n<p>Durante los \u00faltimos dos a\u00f1os, los pleitos pol\u00edticos entre el Ayuntamiento de Veracruz y el Gobierno del Estado, han evitado qu\u00e9 se destine recurso al Colegio de Bachilleres de Veracruz, acusaron los manifestantes.<\/p>\n\n\n\n<p>&#8220;Solo pedimos que las autoridades se comprometan y no lo utilicen para algo pol\u00edtico, nosotros tenemos el piso alto inutilizado, las escaleras necesitan un repuesto y el agua se filtra&#8221;, dijo la maestra, Elizabeth Torres.<\/p>\n\n\n\n<p>Docentes y personal administrativo recordaron que, la \u00faltima rehabilitaci\u00f3n (la cual se asegur\u00f3 ser\u00eda integral) se realiz\u00f3 en el a\u00f1o 2016; sin embargo, fueron enga\u00f1ados, pues los trabajos quedaron inconclusos y los materiales originales fueron cambiados, utilizando otros de menor calidad, por lo que desde esa fecha presentaron problemas en la infraestructura.<\/p>\n\n\n\n<p>&#8220;Queremos algo formal, que se sienten y nos digan, en tal fecha se va a hacer&#8221;.<\/p>\n","protected":false},"excerpt":{"rendered":"<p>Alejandro \u00c1vila Veracruz, Ver.- La pandemia ha servido como pretexto a los pol\u00edticos para evitar la rehabilitaci\u00f3n integral del Colegio de Bachilleres de Veracruz, acusaron docentes, personal administrativo y padres de familia. Los quejosos se manifestaron la ma\u00f1ana de este martes a las afueras del plantel educativo, pues se\u00f1alan existe el riesgo de que alguien [&hellip;]<\/p>\n","protected":false},"author":1,"featured_media":25299,"comment_status":"open","ping_status":"open","sticky":false,"template":"","format":"standard","meta":{"_jetpack_memberships_contains_paid_content":false,"footnotes":""},"categories":[2],"tags":[],"class_list":["post-25298","post","type-post","status-publish","format-standard","has-post-thumbnail","hentry","category-estado"],"jetpack_featured_media_url":"https:\/\/encuentroinformativo.com.mx\/wp-content\/uploads\/2022\/03\/290F9961-F12D-4E35-AD35-E4D19C0BF039.jpeg","jetpack_sharing_enabled":true,"jetpack_likes_enabled":true,"amp_enabled":true,"_links":{"self":[{"href":"https:\/\/encuentroinformativo.com.mx\/index.php?rest_route=\/wp\/v2\/posts\/25298","targetHints":{"allow":["GET"]}}],"collection":[{"href":"https:\/\/encuentroinformativo.com.mx\/index.php?rest_route=\/wp\/v2\/posts"}],"about":[{"href":"https:\/\/encuentroinformativo.com.mx\/index.php?rest_route=\/wp\/v2\/types\/post"}],"author":[{"embeddable":true,"href":"https:\/\/encuentroinformativo.com.mx\/index.php?rest_route=\/wp\/v2\/users\/1"}],"replies":[{"embeddable":true,"href":"https:\/\/encuentroinformativo.com.mx\/index.php?rest_route=%2Fwp%2Fv2%2Fcomments&post=25298"}],"version-history":[{"count":1,"href":"https:\/\/encuentroinformativo.com.mx\/index.php?rest_route=\/wp\/v2\/posts\/25298\/revisions"}],"predecessor-version":[{"id":25300,"href":"https:\/\/encuentroinformativo.com.mx\/index.php?rest_route=\/wp\/v2\/posts\/25298\/revisions\/25300"}],"wp:featuredmedia":[{"embeddable":true,"href":"https:\/\/encuentroinformativo.com.mx\/index.php?rest_route=\/wp\/v2\/media\/25299"}],"wp:attachment":[{"href":"https:\/\/encuentroinformativo.com.mx\/index.php?rest_route=%2Fwp%2Fv2%2Fmedia&parent=25298"}],"wp:term":[{"taxonomy":"category","embeddable":true,"href":"https:\/\/encuentroinformativo.com.mx\/index.php?rest_route=%2Fwp%2Fv2%2Fcategories&post=25298"},{"taxonomy":"post_tag","embeddable":true,"href":"https:\/\/encuentroinformativo.com.mx\/index.php?rest_route=%2Fwp%2Fv2%2Ftags&post=25298"}],"curies":[{"name":"wp","href":"https:\/\/api.w.org\/{rel}","templated":true}]}}