{"id":253,"date":"2020-03-01T12:02:38","date_gmt":"2020-03-01T18:02:38","guid":{"rendered":"https:\/\/encuentroinformativodotcomdotmx.wordpress.com\/2020\/03\/01\/baja-participacion-en-caravana-por-la-familia\/"},"modified":"2020-03-01T12:02:38","modified_gmt":"2020-03-01T18:02:38","slug":"baja-participacion-en-caravana-por-la-familia","status":"publish","type":"post","link":"https:\/\/encuentroinformativo.com.mx\/?p=253","title":{"rendered":"Baja participaci\u00f3n en Caravana por la Familia"},"content":{"rendered":"\n<figure class=\"wp-block-image size-large\"><img loading=\"lazy\" decoding=\"async\" width=\"1280\" height=\"853\" src=\"https:\/\/encuentroinformativo.com.mx\/wp-content\/uploads\/2020\/03\/ezy-watermark_01-03-2020_11-55-08a.m..jpg?w=1024\" alt=\"\" class=\"wp-image-252\" srcset=\"https:\/\/encuentroinformativo.com.mx\/wp-content\/uploads\/2020\/03\/ezy-watermark_01-03-2020_11-55-08a.m..jpg 1280w, https:\/\/encuentroinformativo.com.mx\/wp-content\/uploads\/2020\/03\/ezy-watermark_01-03-2020_11-55-08a.m.-300x200.jpg 300w, https:\/\/encuentroinformativo.com.mx\/wp-content\/uploads\/2020\/03\/ezy-watermark_01-03-2020_11-55-08a.m.-1024x682.jpg 1024w, https:\/\/encuentroinformativo.com.mx\/wp-content\/uploads\/2020\/03\/ezy-watermark_01-03-2020_11-55-08a.m.-768x512.jpg 768w, https:\/\/encuentroinformativo.com.mx\/wp-content\/uploads\/2020\/03\/ezy-watermark_01-03-2020_11-55-08a.m.-1200x800.jpg 1200w\" sizes=\"auto, (max-width: 1280px) 100vw, 1280px\" \/><\/figure>\n\n\n\n<p><strong>Juan Arcos<\/strong> <\/p>\n\n\n\n<p>Xalapa, Ver.- Xalapa ocupa uno de los primeros lugares a nivel nacional entre los municipios con mayor n\u00famero de madres solteras, revel\u00f3 Ignacio Guadarrama Ram\u00edrez, presidente de la Uni\u00f3n Nacional de Padres de Familia en Xalapa, al participar en la Caravana por la Familia.<\/p>\n\n\n\n<p>La marcha se ha venido realizando durante los \u00faltimos 14 a\u00f1os, durante el primer domingo de marzo, D\u00eda de la Familia.<\/p>\n\n\n\n<p>La gente se concentr\u00f3 en el Teatro del Estado \u201cIgnacio de la Llave\u201d y, posteriormente, camin\u00f3 sobre la avenida Manuel \u00c1vila Camacho con direcci\u00f3n a Plaza Sebasti\u00e1n Lerdo de Tejada.<\/p>\n\n\n\n<p>El motivo de la movilizaci\u00f3n es hacer una \u201cfiesta\u201d, debido a que la familia es la c\u00e9lula fundamental de la sociedad. <br \/>Se esperaba la presencia de m\u00e1s de mil padres de familia; sin embargo, no lleg\u00f3 ni el 10 por ciento.<\/p>\n\n\n\n<p>Guadarrama Ram\u00edrez atribuy\u00f3 la baja afluencia al clima, la inseguridad y otros factores.<\/p>\n\n\n\n<p>Adem\u00e1s. consider\u00f3 que la familia est\u00e1 muy \u201cherida\u201d por los problemas actuales que se presentan.<\/p>\n\n\n\n<p>\u201cImpunidad, violencia contra la mujer y los hombres, hay muchas lacras que est\u00e1n ofendiendo a la familia. Incluso, Xalapa, es uno de los primeros lugares a nivel nacional en madres solteras. Vemos c\u00f3mo se est\u00e1 desintegrando la familia\u201d.<\/p>\n\n\n\n<p>La Uni\u00f3n Nacional de Padres de Familia busca fortalecer el n\u00facleo familiar en la sociedad mexicana.<\/p>\n","protected":false},"excerpt":{"rendered":"<p>Juan Arcos Xalapa, Ver.- Xalapa ocupa uno de los primeros lugares a nivel nacional entre los municipios con mayor n\u00famero de madres solteras, revel\u00f3 Ignacio Guadarrama Ram\u00edrez, presidente de la Uni\u00f3n Nacional de Padres de Familia en Xalapa, al participar en la Caravana por la Familia. La marcha se ha venido realizando durante los \u00faltimos [&hellip;]<\/p>\n","protected":false},"author":1,"featured_media":252,"comment_status":"open","ping_status":"open","sticky":false,"template":"","format":"standard","meta":{"_jetpack_memberships_contains_paid_content":false,"footnotes":""},"categories":[3],"tags":[],"class_list":["post-253","post","type-post","status-publish","format-standard","has-post-thumbnail","hentry","category-xalapa"],"jetpack_featured_media_url":"https:\/\/encuentroinformativo.com.mx\/wp-content\/uploads\/2020\/03\/ezy-watermark_01-03-2020_11-55-08a.m..jpg","jetpack_sharing_enabled":true,"jetpack_likes_enabled":true,"amp_enabled":true,"_links":{"self":[{"href":"https:\/\/encuentroinformativo.com.mx\/index.php?rest_route=\/wp\/v2\/posts\/253","targetHints":{"allow":["GET"]}}],"collection":[{"href":"https:\/\/encuentroinformativo.com.mx\/index.php?rest_route=\/wp\/v2\/posts"}],"about":[{"href":"https:\/\/encuentroinformativo.com.mx\/index.php?rest_route=\/wp\/v2\/types\/post"}],"author":[{"embeddable":true,"href":"https:\/\/encuentroinformativo.com.mx\/index.php?rest_route=\/wp\/v2\/users\/1"}],"replies":[{"embeddable":true,"href":"https:\/\/encuentroinformativo.com.mx\/index.php?rest_route=%2Fwp%2Fv2%2Fcomments&post=253"}],"version-history":[{"count":0,"href":"https:\/\/encuentroinformativo.com.mx\/index.php?rest_route=\/wp\/v2\/posts\/253\/revisions"}],"wp:featuredmedia":[{"embeddable":true,"href":"https:\/\/encuentroinformativo.com.mx\/index.php?rest_route=\/wp\/v2\/media\/252"}],"wp:attachment":[{"href":"https:\/\/encuentroinformativo.com.mx\/index.php?rest_route=%2Fwp%2Fv2%2Fmedia&parent=253"}],"wp:term":[{"taxonomy":"category","embeddable":true,"href":"https:\/\/encuentroinformativo.com.mx\/index.php?rest_route=%2Fwp%2Fv2%2Fcategories&post=253"},{"taxonomy":"post_tag","embeddable":true,"href":"https:\/\/encuentroinformativo.com.mx\/index.php?rest_route=%2Fwp%2Fv2%2Ftags&post=253"}],"curies":[{"name":"wp","href":"https:\/\/api.w.org\/{rel}","templated":true}]}}