{"id":25301,"date":"2022-03-29T16:21:51","date_gmt":"2022-03-29T22:21:51","guid":{"rendered":"https:\/\/encuentroinformativo.com.mx\/?p=25301"},"modified":"2022-03-29T16:21:54","modified_gmt":"2022-03-29T22:21:54","slug":"juez-niega-amparo-a-jose-manuel-n","status":"publish","type":"post","link":"https:\/\/encuentroinformativo.com.mx\/?p=25301","title":{"rendered":"Juez niega amparo a Jos\u00e9 Manuel \u201cN\u201d"},"content":{"rendered":"\n<p><strong>Juan Arcos <\/strong><\/p>\n\n\n\n<p>Xalapa, Ver.- Jos\u00e9 Manuel del R\u00edo Virgen, colaborador del senador Ricardo Monreal \u00c1vila, continuar\u00e1 en el penal de Pacho Viejo, municipio de Coatepec, en la regi\u00f3n capital de Veracruz.<\/p>\n\n\n\n<p>El juez decimos\u00e9ptimo de distrito, Jes\u00fasArturo Cu\u00e9llar D\u00edaz, neg\u00f3 a Jos\u00e9 Manuel la la suspensi\u00f3n definitiva en el amparo 49\/2022, al considerarla improcedente.<\/p>\n\n\n\n<p>El exsecretario T\u00e9cnico de la Junta de Coordinaci\u00f3n Pol\u00edtica (Jucopo) en el Senado de la Rep\u00fablica es se\u00f1alado de homicidio doloso calificado en agravio de Remigio Tovar Tovar, excandidato de Movimiento Ciudadano (MC) a la alcald\u00eda de Cazones de Herrera, ocurrido dos d\u00edas antes de las votaciones del pasado 6 de junio.<\/p>\n\n\n\n<p>Por estos hechos, el funcionario permanece recluido desde diciembre pasado, de manera legal, lo que confirm\u00f3 el Juez mencionado, al desechar la solicitud de modificaci\u00f3n de la suspensi\u00f3n definitiva promovida por la defensa.<\/p>\n\n\n\n<p>La suspensi\u00f3n definitiva fue desechada toda vez que el Juzgado determin\u00f3 que no ha causado ejecutoria la sentencia de amparo, adem\u00e1s de que las partes presentaron recurso de revisi\u00f3n y la sentencia puede confirmarse, revocarse o modificarse, lo que corresponder\u00e1 definirlo a un Tribunal Colegiado.<\/p>\n\n\n\n<p>Este martes 29 de marzo, la Comisi\u00f3n Nacional de Derechos Humanos (CNDH) emiti\u00f3 una nueva recomendaci\u00f3n a la Fiscal\u00eda General del Estado (FGE), donde se\u00f1ala que fueron violentados los derechos humanos de Jos\u00e9 Manuel y de su hija, menor de edad, con s\u00edndrome de espectro autista.<\/p>\n\n\n\n<p>La CNDH determin\u00f3 que la Fiscal\u00eda de Veracruz incurri\u00f3 en violaciones a la seguridad jur\u00eddica, a la libertad personal y violaci\u00f3n al derecho de acceso a la justicia.<\/p>\n\n\n\n<p>En la recomendaci\u00f3n 59\/2022, se pide a la Fiscal\u00eda que proceda a la reparaci\u00f3n del da\u00f1o con una \u201ccompensaci\u00f3n justa ysuficiente&#8221;.<br>Recientemente, el gobernador de Veracruz, Cuitl\u00e1huac Garc\u00eda Jim\u00e9nez, declar\u00f3 que la FGE no acatar\u00e1 dicha recomendaci\u00f3n y asever\u00f3 que el presunto responsable del crimen debe enfrentar el proceso penal en prisi\u00f3n.<\/p>\n","protected":false},"excerpt":{"rendered":"<p>Juan Arcos Xalapa, Ver.- Jos\u00e9 Manuel del R\u00edo Virgen, colaborador del senador Ricardo Monreal \u00c1vila, continuar\u00e1 en el penal de Pacho Viejo, municipio de Coatepec, en la regi\u00f3n capital de Veracruz. El juez decimos\u00e9ptimo de distrito, Jes\u00fasArturo Cu\u00e9llar D\u00edaz, neg\u00f3 a Jos\u00e9 Manuel la la suspensi\u00f3n definitiva en el amparo 49\/2022, al considerarla improcedente. El [&hellip;]<\/p>\n","protected":false},"author":1,"featured_media":25302,"comment_status":"open","ping_status":"open","sticky":false,"template":"","format":"standard","meta":{"_jetpack_memberships_contains_paid_content":false,"footnotes":""},"categories":[2],"tags":[],"class_list":["post-25301","post","type-post","status-publish","format-standard","has-post-thumbnail","hentry","category-estado"],"jetpack_featured_media_url":"https:\/\/encuentroinformativo.com.mx\/wp-content\/uploads\/2022\/03\/5F6ED708-5078-49BF-B4AF-E219B444644F.jpeg","jetpack_sharing_enabled":true,"jetpack_likes_enabled":true,"amp_enabled":true,"_links":{"self":[{"href":"https:\/\/encuentroinformativo.com.mx\/index.php?rest_route=\/wp\/v2\/posts\/25301","targetHints":{"allow":["GET"]}}],"collection":[{"href":"https:\/\/encuentroinformativo.com.mx\/index.php?rest_route=\/wp\/v2\/posts"}],"about":[{"href":"https:\/\/encuentroinformativo.com.mx\/index.php?rest_route=\/wp\/v2\/types\/post"}],"author":[{"embeddable":true,"href":"https:\/\/encuentroinformativo.com.mx\/index.php?rest_route=\/wp\/v2\/users\/1"}],"replies":[{"embeddable":true,"href":"https:\/\/encuentroinformativo.com.mx\/index.php?rest_route=%2Fwp%2Fv2%2Fcomments&post=25301"}],"version-history":[{"count":1,"href":"https:\/\/encuentroinformativo.com.mx\/index.php?rest_route=\/wp\/v2\/posts\/25301\/revisions"}],"predecessor-version":[{"id":25303,"href":"https:\/\/encuentroinformativo.com.mx\/index.php?rest_route=\/wp\/v2\/posts\/25301\/revisions\/25303"}],"wp:featuredmedia":[{"embeddable":true,"href":"https:\/\/encuentroinformativo.com.mx\/index.php?rest_route=\/wp\/v2\/media\/25302"}],"wp:attachment":[{"href":"https:\/\/encuentroinformativo.com.mx\/index.php?rest_route=%2Fwp%2Fv2%2Fmedia&parent=25301"}],"wp:term":[{"taxonomy":"category","embeddable":true,"href":"https:\/\/encuentroinformativo.com.mx\/index.php?rest_route=%2Fwp%2Fv2%2Fcategories&post=25301"},{"taxonomy":"post_tag","embeddable":true,"href":"https:\/\/encuentroinformativo.com.mx\/index.php?rest_route=%2Fwp%2Fv2%2Ftags&post=25301"}],"curies":[{"name":"wp","href":"https:\/\/api.w.org\/{rel}","templated":true}]}}