{"id":25304,"date":"2022-03-29T16:29:58","date_gmt":"2022-03-29T22:29:58","guid":{"rendered":"https:\/\/encuentroinformativo.com.mx\/?p=25304"},"modified":"2022-03-29T16:30:01","modified_gmt":"2022-03-29T22:30:01","slug":"reprueban-actos-vandalicos-en-actopan","status":"publish","type":"post","link":"https:\/\/encuentroinformativo.com.mx\/?p=25304","title":{"rendered":"Reprueban actos vand\u00e1licos en Actopan"},"content":{"rendered":"\n<p><strong>Juan Arcos<\/strong><\/p>\n\n\n\n<p>Xalapa, Ver.- El ayuntamiento de Actopan reprob\u00f3 el comportamiento vand\u00e1lico este martes 29 de marzo en el parque Morelos de la cabecera municipal durante el recibimiento de la Caravana del Consejo Nacional Ind\u00edgena.<\/p>\n\n\n\n<p>La alcaldesa de Actopan, Mar\u00eda Esther L\u00f3pez Callejas, dio la bienvenida a los miembros de la caravana, integrada por nueve estados de la Rep\u00fablica, que viajan por el territorio intentando hacer consciencia sobre el deterioro, la explotaci\u00f3n de los ecosistemas y la lucha contra la \u201cminer\u00eda t\u00f3xica\u201d.<\/p>\n\n\n\n<p>Sin embargo, un presunto grupo de choque, infiltrado entre los ambientalistas ind\u00edgenas, ocasion\u00f3 da\u00f1os en las lonas y la estructura del estrado que el ayuntamiento destin\u00f3 para el evento, adem\u00e1s de que intent\u00f3 causar agitaci\u00f3n entre los presentes gritando consignas que incitaban a la revuelta.<\/p>\n\n\n\n<p>La edil indic\u00f3 que este ayuntamiento respeta la libre expresi\u00f3n de las ideas, pero se descalifican los comportamientos que buscan dividir y afectar la estabilidad.<\/p>\n\n\n\n<p>\u201cEntendemos que se trata de protestas que buscan perjudicar la imagen del gobierno federal, encabezado por nuestro presidente Andr\u00e9s Manuel L\u00f3pez Obrador, pero no se justifican bajo ninguna circunstancia\u201d.<\/p>\n\n\n\n<p>La Alcaldesa reprob\u00f3 las actitudes de este tipo que utilizan las causas loables, como la lucha por la conservaci\u00f3n de los recursos naturales, para provocar e incitar al odio y la violencia.<\/p>\n\n\n\n<p>\u201cAbogamos por un clima de paz y exhortamos a todas y a todos a no dejarse manipular por nadie a costa de nuestros ideales, de lucha y progreso\u201d.<\/p>\n\n\n\n<p>La administraci\u00f3n municipal de Actopan continua pronunci\u00e1ndose en contra de la miner\u00eda t\u00f3xica y la explotaci\u00f3n arbitraria de los recursos naturales.<\/p>\n","protected":false},"excerpt":{"rendered":"<p>Juan Arcos Xalapa, Ver.- El ayuntamiento de Actopan reprob\u00f3 el comportamiento vand\u00e1lico este martes 29 de marzo en el parque Morelos de la cabecera municipal durante el recibimiento de la Caravana del Consejo Nacional Ind\u00edgena. La alcaldesa de Actopan, Mar\u00eda Esther L\u00f3pez Callejas, dio la bienvenida a los miembros de la caravana, integrada por nueve [&hellip;]<\/p>\n","protected":false},"author":1,"featured_media":25305,"comment_status":"open","ping_status":"open","sticky":false,"template":"","format":"standard","meta":{"_jetpack_memberships_contains_paid_content":false,"footnotes":""},"categories":[8],"tags":[],"class_list":["post-25304","post","type-post","status-publish","format-standard","has-post-thumbnail","hentry","category-region"],"jetpack_featured_media_url":"https:\/\/encuentroinformativo.com.mx\/wp-content\/uploads\/2022\/03\/59FFF7A2-EB41-47B3-B630-D016E6552343.jpeg","jetpack_sharing_enabled":true,"jetpack_likes_enabled":true,"amp_enabled":true,"_links":{"self":[{"href":"https:\/\/encuentroinformativo.com.mx\/index.php?rest_route=\/wp\/v2\/posts\/25304","targetHints":{"allow":["GET"]}}],"collection":[{"href":"https:\/\/encuentroinformativo.com.mx\/index.php?rest_route=\/wp\/v2\/posts"}],"about":[{"href":"https:\/\/encuentroinformativo.com.mx\/index.php?rest_route=\/wp\/v2\/types\/post"}],"author":[{"embeddable":true,"href":"https:\/\/encuentroinformativo.com.mx\/index.php?rest_route=\/wp\/v2\/users\/1"}],"replies":[{"embeddable":true,"href":"https:\/\/encuentroinformativo.com.mx\/index.php?rest_route=%2Fwp%2Fv2%2Fcomments&post=25304"}],"version-history":[{"count":1,"href":"https:\/\/encuentroinformativo.com.mx\/index.php?rest_route=\/wp\/v2\/posts\/25304\/revisions"}],"predecessor-version":[{"id":25306,"href":"https:\/\/encuentroinformativo.com.mx\/index.php?rest_route=\/wp\/v2\/posts\/25304\/revisions\/25306"}],"wp:featuredmedia":[{"embeddable":true,"href":"https:\/\/encuentroinformativo.com.mx\/index.php?rest_route=\/wp\/v2\/media\/25305"}],"wp:attachment":[{"href":"https:\/\/encuentroinformativo.com.mx\/index.php?rest_route=%2Fwp%2Fv2%2Fmedia&parent=25304"}],"wp:term":[{"taxonomy":"category","embeddable":true,"href":"https:\/\/encuentroinformativo.com.mx\/index.php?rest_route=%2Fwp%2Fv2%2Fcategories&post=25304"},{"taxonomy":"post_tag","embeddable":true,"href":"https:\/\/encuentroinformativo.com.mx\/index.php?rest_route=%2Fwp%2Fv2%2Ftags&post=25304"}],"curies":[{"name":"wp","href":"https:\/\/api.w.org\/{rel}","templated":true}]}}