{"id":25316,"date":"2022-03-30T09:22:43","date_gmt":"2022-03-30T15:22:43","guid":{"rendered":"https:\/\/encuentroinformativo.com.mx\/?p=25316"},"modified":"2022-03-30T09:22:47","modified_gmt":"2022-03-30T15:22:47","slug":"solicita-medellin-mayor-apoyo-policial","status":"publish","type":"post","link":"https:\/\/encuentroinformativo.com.mx\/?p=25316","title":{"rendered":"Solicita Medell\u00edn mayor apoyo policial"},"content":{"rendered":"\n<p><strong>Alejandro \u00c1vila<\/strong><\/p>\n\n\n\n<p>Medell\u00edn de Bravo, Ver.- El municipio de Medell\u00edn de Bravo solicit\u00f3 durante la Mesa de Coordinaci\u00f3n para la Construcci\u00f3n de la Paz, el apoyo de las diferentes corporaciones policiales para mejorar la seguridad en la ciudad, toda vez qu\u00e9 convergen entradas y salidas con los municipios de Alvarado, Jamapa, Boca del R\u00edo y Veracruz.<\/p>\n\n\n\n<p>El alcalde Marcos Isle\u00f1o Andrade fue el anfitri\u00f3n de la reuni\u00f3n con altos mandos de dependencia de seguridad municipales, estatales y federales, este martes, donde analizaron estrategias para el combate a la inseguridad.<\/p>\n\n\n\n<p>Es de mencionar que, el municipio de Medell\u00edn de Bravo carece de Tr\u00e1nsito Municipal, y cuenta con una plantilla m\u00ednima de Polic\u00eda Municipal y ante la desaparici\u00f3n del FORTASEG, dif\u00edcilmente se podr\u00eda ampliar para cubrir la extensi\u00f3n territorial qu\u00e9 comprende; motivo por el cual en la reuni\u00f3n sostenida con los mandos estatales y federales, se solicitaron crear estrategias para brindar seguridad a la ciudadan\u00eda.<\/p>\n\n\n\n<p>En el encuentro realizado en el Palacio Municipal, participaron representantes de la Guardia Nacional, Secretar\u00eda de Seguridad Ciudadana Federal, Secretar\u00eda de Bienestar, Secretar\u00eda de Seguridad P\u00fablica del Estado de Veracruz, Centro Nacional de Inteligencia del gobierno federal, adem\u00e1s del Centro de Control, Comando, Comunicaciones, C\u00f3mputo, Calidad e Inteligencia (C5i), Fuerza Civil y directores de los municipios de Medell\u00edn, Boca del R\u00edo y Jamapa.<\/p>\n","protected":false},"excerpt":{"rendered":"<p>Alejandro \u00c1vila Medell\u00edn de Bravo, Ver.- El municipio de Medell\u00edn de Bravo solicit\u00f3 durante la Mesa de Coordinaci\u00f3n para la Construcci\u00f3n de la Paz, el apoyo de las diferentes corporaciones policiales para mejorar la seguridad en la ciudad, toda vez qu\u00e9 convergen entradas y salidas con los municipios de Alvarado, Jamapa, Boca del R\u00edo y [&hellip;]<\/p>\n","protected":false},"author":1,"featured_media":25317,"comment_status":"open","ping_status":"open","sticky":false,"template":"","format":"standard","meta":{"_jetpack_memberships_contains_paid_content":false,"footnotes":""},"categories":[2],"tags":[],"class_list":["post-25316","post","type-post","status-publish","format-standard","has-post-thumbnail","hentry","category-estado"],"jetpack_featured_media_url":"https:\/\/encuentroinformativo.com.mx\/wp-content\/uploads\/2022\/03\/99A4871E-7D54-4387-970C-EAB8E4C2B62D.jpeg","jetpack_sharing_enabled":true,"jetpack_likes_enabled":true,"amp_enabled":true,"_links":{"self":[{"href":"https:\/\/encuentroinformativo.com.mx\/index.php?rest_route=\/wp\/v2\/posts\/25316","targetHints":{"allow":["GET"]}}],"collection":[{"href":"https:\/\/encuentroinformativo.com.mx\/index.php?rest_route=\/wp\/v2\/posts"}],"about":[{"href":"https:\/\/encuentroinformativo.com.mx\/index.php?rest_route=\/wp\/v2\/types\/post"}],"author":[{"embeddable":true,"href":"https:\/\/encuentroinformativo.com.mx\/index.php?rest_route=\/wp\/v2\/users\/1"}],"replies":[{"embeddable":true,"href":"https:\/\/encuentroinformativo.com.mx\/index.php?rest_route=%2Fwp%2Fv2%2Fcomments&post=25316"}],"version-history":[{"count":1,"href":"https:\/\/encuentroinformativo.com.mx\/index.php?rest_route=\/wp\/v2\/posts\/25316\/revisions"}],"predecessor-version":[{"id":25318,"href":"https:\/\/encuentroinformativo.com.mx\/index.php?rest_route=\/wp\/v2\/posts\/25316\/revisions\/25318"}],"wp:featuredmedia":[{"embeddable":true,"href":"https:\/\/encuentroinformativo.com.mx\/index.php?rest_route=\/wp\/v2\/media\/25317"}],"wp:attachment":[{"href":"https:\/\/encuentroinformativo.com.mx\/index.php?rest_route=%2Fwp%2Fv2%2Fmedia&parent=25316"}],"wp:term":[{"taxonomy":"category","embeddable":true,"href":"https:\/\/encuentroinformativo.com.mx\/index.php?rest_route=%2Fwp%2Fv2%2Fcategories&post=25316"},{"taxonomy":"post_tag","embeddable":true,"href":"https:\/\/encuentroinformativo.com.mx\/index.php?rest_route=%2Fwp%2Fv2%2Ftags&post=25316"}],"curies":[{"name":"wp","href":"https:\/\/api.w.org\/{rel}","templated":true}]}}