{"id":2532,"date":"2020-05-14T14:31:47","date_gmt":"2020-05-14T19:31:47","guid":{"rendered":"https:\/\/encuentroinformativo.com\/?p=2532"},"modified":"2020-05-14T14:31:50","modified_gmt":"2020-05-14T19:31:50","slug":"policias-municipales-van-a-fortalecerse-segun-villa-campa","status":"publish","type":"post","link":"https:\/\/encuentroinformativo.com.mx\/?p=2532","title":{"rendered":"Polic\u00edas municipales van a fortalecerse, seg\u00fan Villa Campa"},"content":{"rendered":"\n<p><strong>Juan Arcos <\/strong><\/p>\n\n\n\n<p>Xalapa, Ver.- El director de Seguridad Ciudadana, Francisco Villa Campa, neg\u00f3 que la polic\u00eda municipal desaparezca con el decreto presidencial que permite a las Fuerzas Armadas participar en tareas de seguridad p\u00fablica en las calles.<\/p>\n\n\n\n<p>El funcionario municipal indic\u00f3 que el presidente de la Rep\u00fablica, Andr\u00e9s Manuel L\u00f3pez Obrador, busca fortalecer las polic\u00edas municipales para que laboren de manera coordinada con la Guardia Nacional.<\/p>\n\n\n\n<p>\u201cEl discurso es que se van a fortalecer las polic\u00edas municipales porque los responsables de la seguridad en los municipios son las alcald\u00edas\u201d.<\/p>\n\n\n\n<p>En ese sentido, record\u00f3 que el ayuntamiento de Xalapa se coordin\u00f3 con el gobierno federal para ingresar 75 polic\u00edas municipales a la Academia de El Lencero, quienes podr\u00edan egresar en septiembre pr\u00f3ximo.<\/p>\n\n\n\n<p>Adem\u00e1s, indic\u00f3 que a m\u00e1s tardar en un mes ingresar\u00e1 otro grupo de 75 cadetes a la academia, para cumplir la meta de 150 nuevos polic\u00edas municipales por a\u00f1o.<\/p>\n\n\n\n<p>\u201cSe est\u00e1 analizando poder incrementar esta plantilla, de acuerdo al recurso. Las polic\u00edas y en este caso Xalapa sigue creciendo y prueba de ello es que tenemos la convocatoria abierta\u201d.<\/p>\n\n\n\n<p>A\u00f1adi\u00f3 que ante la ausencia de la autoridad durante la contingencia sanitaria por el COVID-19 podr\u00edan fortalecerse los grupos delictivos.<\/p>\n\n\n\n<p>\u201cY si tenemos un mayor n\u00famero de elementos de fuerza, reintegramos el tejido social, que es lo principal\u201d, a\u00f1adi\u00f3.<\/p>\n\n\n\n<p><\/p>\n","protected":false},"excerpt":{"rendered":"<p>Juan Arcos Xalapa, Ver.- El director de Seguridad Ciudadana, Francisco Villa Campa, neg\u00f3 que la polic\u00eda municipal desaparezca con el decreto presidencial que permite a las Fuerzas Armadas participar en tareas de seguridad p\u00fablica en las calles. El funcionario municipal indic\u00f3 que el presidente de la Rep\u00fablica, Andr\u00e9s Manuel L\u00f3pez Obrador, busca fortalecer las polic\u00edas [&hellip;]<\/p>\n","protected":false},"author":1,"featured_media":2533,"comment_status":"open","ping_status":"open","sticky":false,"template":"","format":"standard","meta":{"_jetpack_memberships_contains_paid_content":false,"footnotes":""},"categories":[3],"tags":[],"class_list":["post-2532","post","type-post","status-publish","format-standard","has-post-thumbnail","hentry","category-xalapa"],"jetpack_featured_media_url":"https:\/\/encuentroinformativo.com.mx\/wp-content\/uploads\/2020\/05\/0A1D6724-C226-4C74-B809-898EEC8F4F23.jpeg","jetpack_sharing_enabled":true,"jetpack_likes_enabled":true,"amp_enabled":true,"_links":{"self":[{"href":"https:\/\/encuentroinformativo.com.mx\/index.php?rest_route=\/wp\/v2\/posts\/2532","targetHints":{"allow":["GET"]}}],"collection":[{"href":"https:\/\/encuentroinformativo.com.mx\/index.php?rest_route=\/wp\/v2\/posts"}],"about":[{"href":"https:\/\/encuentroinformativo.com.mx\/index.php?rest_route=\/wp\/v2\/types\/post"}],"author":[{"embeddable":true,"href":"https:\/\/encuentroinformativo.com.mx\/index.php?rest_route=\/wp\/v2\/users\/1"}],"replies":[{"embeddable":true,"href":"https:\/\/encuentroinformativo.com.mx\/index.php?rest_route=%2Fwp%2Fv2%2Fcomments&post=2532"}],"version-history":[{"count":1,"href":"https:\/\/encuentroinformativo.com.mx\/index.php?rest_route=\/wp\/v2\/posts\/2532\/revisions"}],"predecessor-version":[{"id":2534,"href":"https:\/\/encuentroinformativo.com.mx\/index.php?rest_route=\/wp\/v2\/posts\/2532\/revisions\/2534"}],"wp:featuredmedia":[{"embeddable":true,"href":"https:\/\/encuentroinformativo.com.mx\/index.php?rest_route=\/wp\/v2\/media\/2533"}],"wp:attachment":[{"href":"https:\/\/encuentroinformativo.com.mx\/index.php?rest_route=%2Fwp%2Fv2%2Fmedia&parent=2532"}],"wp:term":[{"taxonomy":"category","embeddable":true,"href":"https:\/\/encuentroinformativo.com.mx\/index.php?rest_route=%2Fwp%2Fv2%2Fcategories&post=2532"},{"taxonomy":"post_tag","embeddable":true,"href":"https:\/\/encuentroinformativo.com.mx\/index.php?rest_route=%2Fwp%2Fv2%2Ftags&post=2532"}],"curies":[{"name":"wp","href":"https:\/\/api.w.org\/{rel}","templated":true}]}}