{"id":25325,"date":"2022-03-30T12:10:03","date_gmt":"2022-03-30T18:10:03","guid":{"rendered":"https:\/\/encuentroinformativo.com.mx\/?p=25325"},"modified":"2022-03-30T12:10:07","modified_gmt":"2022-03-30T18:10:07","slug":"en-la-sev-reclaman-docentes-para-altotonga","status":"publish","type":"post","link":"https:\/\/encuentroinformativo.com.mx\/?p=25325","title":{"rendered":"En la SEV, reclaman docentes para Altotonga"},"content":{"rendered":"\n<p><strong>Juan Arcos <\/strong><\/p>\n\n\n\n<p>Xalapa, Ver.- Madres y padres de familia protestaron y tomaron las oficinas centrales de la Secretar\u00eda de Educaci\u00f3n de Veracruz (SEV) para exigir la asignaci\u00f3n de tres docentes en una escuela ubicada en la localidad Ahueyahualco, municipio de Altotonga.<\/p>\n\n\n\n<p>Se trata de la escuela primaria \u201cOrientaci\u00f3n\u201d, turno matutino, y \u201cSor Juana In\u00e9s de la Cruz\u201d, turno vespertino.<\/p>\n\n\n\n<p>Los inconformes cerraron todos los accesos a la dependencia estatal y colocaron pancartas para exigir a las autoridades educativas que atiendan sus demandas.<\/p>\n\n\n\n<p>De acuerdo con Alejandro de Jes\u00fas, agente municipal de Ahueyahualco, en el plantel educativo hay 154 alumnos que est\u00e1n siendo afectados por la falta de docentes.<\/p>\n\n\n\n<p>El entrevistado detall\u00f3 que se requieren dos profesores para el quinta grado y uno para el segundo grado.<\/p>\n\n\n\n<p>Los quejosos amagaron con permanecer en la Secretar\u00eda de Educaci\u00f3n de Veracruz hasta recibir una respuesta favorable a sus reclamos.<\/p>\n\n\n\n<figure class=\"wp-block-image size-large\"><img loading=\"lazy\" decoding=\"async\" width=\"1024\" height=\"768\" src=\"https:\/\/encuentroinformativo.com.mx\/wp-content\/uploads\/2022\/03\/D312C772-21A0-4EBB-92E9-7D2B41FFAAD3-1024x768.jpeg\" alt=\"\" class=\"wp-image-25327\" srcset=\"https:\/\/encuentroinformativo.com.mx\/wp-content\/uploads\/2022\/03\/D312C772-21A0-4EBB-92E9-7D2B41FFAAD3-1024x768.jpeg 1024w, https:\/\/encuentroinformativo.com.mx\/wp-content\/uploads\/2022\/03\/D312C772-21A0-4EBB-92E9-7D2B41FFAAD3-300x225.jpeg 300w, https:\/\/encuentroinformativo.com.mx\/wp-content\/uploads\/2022\/03\/D312C772-21A0-4EBB-92E9-7D2B41FFAAD3-768x576.jpeg 768w, https:\/\/encuentroinformativo.com.mx\/wp-content\/uploads\/2022\/03\/D312C772-21A0-4EBB-92E9-7D2B41FFAAD3.jpeg 1152w\" sizes=\"auto, (max-width: 1024px) 100vw, 1024px\" \/><\/figure>\n","protected":false},"excerpt":{"rendered":"<p>Juan Arcos Xalapa, Ver.- Madres y padres de familia protestaron y tomaron las oficinas centrales de la Secretar\u00eda de Educaci\u00f3n de Veracruz (SEV) para exigir la asignaci\u00f3n de tres docentes en una escuela ubicada en la localidad Ahueyahualco, municipio de Altotonga. Se trata de la escuela primaria \u201cOrientaci\u00f3n\u201d, turno matutino, y \u201cSor Juana In\u00e9s de [&hellip;]<\/p>\n","protected":false},"author":1,"featured_media":25326,"comment_status":"open","ping_status":"open","sticky":false,"template":"","format":"standard","meta":{"_jetpack_memberships_contains_paid_content":false,"footnotes":""},"categories":[8],"tags":[],"class_list":["post-25325","post","type-post","status-publish","format-standard","has-post-thumbnail","hentry","category-region"],"jetpack_featured_media_url":"https:\/\/encuentroinformativo.com.mx\/wp-content\/uploads\/2022\/03\/24A7AECE-C71F-4E9F-A8C3-B52899CBAFCE.jpeg","jetpack_sharing_enabled":true,"jetpack_likes_enabled":true,"amp_enabled":true,"_links":{"self":[{"href":"https:\/\/encuentroinformativo.com.mx\/index.php?rest_route=\/wp\/v2\/posts\/25325","targetHints":{"allow":["GET"]}}],"collection":[{"href":"https:\/\/encuentroinformativo.com.mx\/index.php?rest_route=\/wp\/v2\/posts"}],"about":[{"href":"https:\/\/encuentroinformativo.com.mx\/index.php?rest_route=\/wp\/v2\/types\/post"}],"author":[{"embeddable":true,"href":"https:\/\/encuentroinformativo.com.mx\/index.php?rest_route=\/wp\/v2\/users\/1"}],"replies":[{"embeddable":true,"href":"https:\/\/encuentroinformativo.com.mx\/index.php?rest_route=%2Fwp%2Fv2%2Fcomments&post=25325"}],"version-history":[{"count":1,"href":"https:\/\/encuentroinformativo.com.mx\/index.php?rest_route=\/wp\/v2\/posts\/25325\/revisions"}],"predecessor-version":[{"id":25328,"href":"https:\/\/encuentroinformativo.com.mx\/index.php?rest_route=\/wp\/v2\/posts\/25325\/revisions\/25328"}],"wp:featuredmedia":[{"embeddable":true,"href":"https:\/\/encuentroinformativo.com.mx\/index.php?rest_route=\/wp\/v2\/media\/25326"}],"wp:attachment":[{"href":"https:\/\/encuentroinformativo.com.mx\/index.php?rest_route=%2Fwp%2Fv2%2Fmedia&parent=25325"}],"wp:term":[{"taxonomy":"category","embeddable":true,"href":"https:\/\/encuentroinformativo.com.mx\/index.php?rest_route=%2Fwp%2Fv2%2Fcategories&post=25325"},{"taxonomy":"post_tag","embeddable":true,"href":"https:\/\/encuentroinformativo.com.mx\/index.php?rest_route=%2Fwp%2Fv2%2Ftags&post=25325"}],"curies":[{"name":"wp","href":"https:\/\/api.w.org\/{rel}","templated":true}]}}