{"id":25330,"date":"2022-03-30T12:20:21","date_gmt":"2022-03-30T18:20:21","guid":{"rendered":"https:\/\/encuentroinformativo.com.mx\/?p=25330"},"modified":"2022-03-30T12:20:25","modified_gmt":"2022-03-30T18:20:25","slug":"en-aparatoso-accidente-taxi-quedo-prensado","status":"publish","type":"post","link":"https:\/\/encuentroinformativo.com.mx\/?p=25330","title":{"rendered":"En aparatoso accidente, taxi qued\u00f3 prensado"},"content":{"rendered":"\n<p><strong>Juan Arcos<\/strong><\/p>\n\n\n\n<p>Xalapa, Ver.- Un taxi qued\u00f3 prensado entre un autob\u00fas y una camioneta tras un aparatoso accidente registrado la ma\u00f1ana de este mi\u00e9rcoles 30 de marzo en esta ciudad de Xalapa.<\/p>\n\n\n\n<p>Los hechos ocurrieron alrededor de las 9:30 horas sobre la avenida L\u00e1zaro C\u00e1rdenas, en la zona del Palacio de Justicia del Estado de Veracruz, frente a Plaza Crystal.<\/p>\n\n\n\n<p>De acuerdo con los primeros reportes, la unidad de transporte se impact\u00f3 contra el cami\u00f3n de pasajeros y una camioneta la golpe\u00f3 en la parte trasera.<\/p>\n\n\n\n<p>El taxi fue aplastado, quedando en forma de \u201cacorde\u00f3n\u201d, situaci\u00f3n que alarm\u00f3 a las ciudadanas y ciudadanos que permanec\u00edan en la parada del autob\u00fas.<\/p>\n\n\n\n<p>Se trata de la unidad XL-5811, perteneciente a la regi\u00f3n de Xalapa, la capital del estado, la cual no llevaba pasajeros en ese momento.<\/p>\n\n\n\n<p>Al sitio arribaron los cuerpos de emergencia para atender al conductor del taxi, quien result\u00f3 con golpes menores, presentaba crisis nerviosa y fue traslado a un hospital en una ambulancia de la Direcci\u00f3n de Protecci\u00f3n Civil del ayuntamiento de Xalapa.<\/p>\n\n\n\n<p>La zona fue resguardada por elementos de la Direcci\u00f3n General de Tr\u00e1nsito y Seguridad Vial y polic\u00edas municipales para el retiro del taxi siniestrado con el apoyo de una gr\u00faa.<\/p>\n\n\n\n<figure class=\"wp-block-image size-large\"><img loading=\"lazy\" decoding=\"async\" width=\"768\" height=\"1024\" src=\"https:\/\/encuentroinformativo.com.mx\/wp-content\/uploads\/2022\/03\/764C586F-1745-4160-9A81-DFDE9E0374AF-768x1024.jpeg\" alt=\"\" class=\"wp-image-25332\" srcset=\"https:\/\/encuentroinformativo.com.mx\/wp-content\/uploads\/2022\/03\/764C586F-1745-4160-9A81-DFDE9E0374AF-768x1024.jpeg 768w, https:\/\/encuentroinformativo.com.mx\/wp-content\/uploads\/2022\/03\/764C586F-1745-4160-9A81-DFDE9E0374AF-225x300.jpeg 225w, https:\/\/encuentroinformativo.com.mx\/wp-content\/uploads\/2022\/03\/764C586F-1745-4160-9A81-DFDE9E0374AF.jpeg 1080w\" sizes=\"auto, (max-width: 768px) 100vw, 768px\" \/><\/figure>\n","protected":false},"excerpt":{"rendered":"<p>Juan Arcos Xalapa, Ver.- Un taxi qued\u00f3 prensado entre un autob\u00fas y una camioneta tras un aparatoso accidente registrado la ma\u00f1ana de este mi\u00e9rcoles 30 de marzo en esta ciudad de Xalapa. Los hechos ocurrieron alrededor de las 9:30 horas sobre la avenida L\u00e1zaro C\u00e1rdenas, en la zona del Palacio de Justicia del Estado de [&hellip;]<\/p>\n","protected":false},"author":1,"featured_media":25331,"comment_status":"open","ping_status":"open","sticky":false,"template":"","format":"standard","meta":{"_jetpack_memberships_contains_paid_content":false,"footnotes":""},"categories":[3],"tags":[],"class_list":["post-25330","post","type-post","status-publish","format-standard","has-post-thumbnail","hentry","category-xalapa"],"jetpack_featured_media_url":"https:\/\/encuentroinformativo.com.mx\/wp-content\/uploads\/2022\/03\/10B861EA-3F54-4DED-853C-2157FC0A6FD6.jpeg","jetpack_sharing_enabled":true,"jetpack_likes_enabled":true,"amp_enabled":true,"_links":{"self":[{"href":"https:\/\/encuentroinformativo.com.mx\/index.php?rest_route=\/wp\/v2\/posts\/25330","targetHints":{"allow":["GET"]}}],"collection":[{"href":"https:\/\/encuentroinformativo.com.mx\/index.php?rest_route=\/wp\/v2\/posts"}],"about":[{"href":"https:\/\/encuentroinformativo.com.mx\/index.php?rest_route=\/wp\/v2\/types\/post"}],"author":[{"embeddable":true,"href":"https:\/\/encuentroinformativo.com.mx\/index.php?rest_route=\/wp\/v2\/users\/1"}],"replies":[{"embeddable":true,"href":"https:\/\/encuentroinformativo.com.mx\/index.php?rest_route=%2Fwp%2Fv2%2Fcomments&post=25330"}],"version-history":[{"count":1,"href":"https:\/\/encuentroinformativo.com.mx\/index.php?rest_route=\/wp\/v2\/posts\/25330\/revisions"}],"predecessor-version":[{"id":25333,"href":"https:\/\/encuentroinformativo.com.mx\/index.php?rest_route=\/wp\/v2\/posts\/25330\/revisions\/25333"}],"wp:featuredmedia":[{"embeddable":true,"href":"https:\/\/encuentroinformativo.com.mx\/index.php?rest_route=\/wp\/v2\/media\/25331"}],"wp:attachment":[{"href":"https:\/\/encuentroinformativo.com.mx\/index.php?rest_route=%2Fwp%2Fv2%2Fmedia&parent=25330"}],"wp:term":[{"taxonomy":"category","embeddable":true,"href":"https:\/\/encuentroinformativo.com.mx\/index.php?rest_route=%2Fwp%2Fv2%2Fcategories&post=25330"},{"taxonomy":"post_tag","embeddable":true,"href":"https:\/\/encuentroinformativo.com.mx\/index.php?rest_route=%2Fwp%2Fv2%2Ftags&post=25330"}],"curies":[{"name":"wp","href":"https:\/\/api.w.org\/{rel}","templated":true}]}}