{"id":25334,"date":"2022-03-30T15:49:48","date_gmt":"2022-03-30T21:49:48","guid":{"rendered":"https:\/\/encuentroinformativo.com.mx\/?p=25334"},"modified":"2022-03-30T15:49:51","modified_gmt":"2022-03-30T21:49:51","slug":"con-ofrenda-floral-recuerdan-a-maria-elena-ferral","status":"publish","type":"post","link":"https:\/\/encuentroinformativo.com.mx\/?p=25334","title":{"rendered":"Con ofrenda floral, recuerdan a Mar\u00eda Elena Ferral"},"content":{"rendered":"\n<p><strong>Juan Arcos <\/strong><\/p>\n\n\n\n<p>Xalapa, Ver.- La reportera Livia D\u00edaz coloc\u00f3 una ofrenda floral frente a Palacio de Gobierno, en memoria de la periodista veracruzana Mar\u00eda Elena Ferral Fern\u00e1ndez, a dos a\u00f1os de su asesinato.<\/p>\n\n\n\n<p>Sobre Plaza Sebasti\u00e1n Lerdo de Tejada fue montada una cruz adornada con rosas blancas y otras flores, donde se observa la fotograf\u00eda de la comunicadora, quien fue ultimada a balazos el 30 de marzo de 2020, en el municipio de Papantla, al norte de la entidad.<\/p>\n\n\n\n<p>Sus familiares han protestado en las distintas regiones del estado de Veracruz, para denunciar que los autores intelectuales del crimen contin\u00faan en libertad.<\/p>\n\n\n\n<p>Incluso, consideran que no hay avances en las investigaciones por parte de la Fiscal\u00eda General del Estado (FGE).<\/p>\n\n\n\n<p>La hija de la v\u00edctima, Mar\u00eda Fernanda Ferral, despu\u00e9s del homicidio, sufri\u00f3 un atentado; su veh\u00edculo fue baleado, pero afortunadamente result\u00f3 ilesa.<\/p>\n\n\n\n<p>\u201cCon la \u00fanica persona que me interesa quedar bien es contigo. Peque\u00f1o homenaje a ti y a los compa\u00f1eros y compa\u00f1eras que han sido desaparecidos, matados, mutilados y obligados a abandonar el periodismo\u201d, expres\u00f3 Livia D\u00edaz, reportera de radio y medios de comunicaci\u00f3n digitales.<\/p>\n\n\n\n<p>Cabe recordar que en los \u00faltimos 20 a\u00f1os, han sido asesinados 30 periodistas en el estado de Veracruz y la mayor\u00eda de los casos han quedado en la impunidad.<\/p>\n\n\n\n<p>El actual gobierno estatal reconoce que 26 comunicadores perdieron la vida en el ejercicio de su profesi\u00f3n durante los sexenios de Miguel Alem\u00e1n Velazco, Fidel\u00a0Herrera Beltr\u00e1n, Javier Duarte de Ochoa y el bienio de Miguel \u00c1ngel Yunes Linares.<\/p>\n","protected":false},"excerpt":{"rendered":"<p>Juan Arcos Xalapa, Ver.- La reportera Livia D\u00edaz coloc\u00f3 una ofrenda floral frente a Palacio de Gobierno, en memoria de la periodista veracruzana Mar\u00eda Elena Ferral Fern\u00e1ndez, a dos a\u00f1os de su asesinato. Sobre Plaza Sebasti\u00e1n Lerdo de Tejada fue montada una cruz adornada con rosas blancas y otras flores, donde se observa la fotograf\u00eda [&hellip;]<\/p>\n","protected":false},"author":1,"featured_media":25335,"comment_status":"open","ping_status":"open","sticky":false,"template":"","format":"standard","meta":{"_jetpack_memberships_contains_paid_content":false,"footnotes":""},"categories":[3],"tags":[],"class_list":["post-25334","post","type-post","status-publish","format-standard","has-post-thumbnail","hentry","category-xalapa"],"jetpack_featured_media_url":"https:\/\/encuentroinformativo.com.mx\/wp-content\/uploads\/2022\/03\/728E398E-CE4A-4315-A3DD-1EEFB8E8EEC9.jpeg","jetpack_sharing_enabled":true,"jetpack_likes_enabled":true,"amp_enabled":true,"_links":{"self":[{"href":"https:\/\/encuentroinformativo.com.mx\/index.php?rest_route=\/wp\/v2\/posts\/25334","targetHints":{"allow":["GET"]}}],"collection":[{"href":"https:\/\/encuentroinformativo.com.mx\/index.php?rest_route=\/wp\/v2\/posts"}],"about":[{"href":"https:\/\/encuentroinformativo.com.mx\/index.php?rest_route=\/wp\/v2\/types\/post"}],"author":[{"embeddable":true,"href":"https:\/\/encuentroinformativo.com.mx\/index.php?rest_route=\/wp\/v2\/users\/1"}],"replies":[{"embeddable":true,"href":"https:\/\/encuentroinformativo.com.mx\/index.php?rest_route=%2Fwp%2Fv2%2Fcomments&post=25334"}],"version-history":[{"count":1,"href":"https:\/\/encuentroinformativo.com.mx\/index.php?rest_route=\/wp\/v2\/posts\/25334\/revisions"}],"predecessor-version":[{"id":25336,"href":"https:\/\/encuentroinformativo.com.mx\/index.php?rest_route=\/wp\/v2\/posts\/25334\/revisions\/25336"}],"wp:featuredmedia":[{"embeddable":true,"href":"https:\/\/encuentroinformativo.com.mx\/index.php?rest_route=\/wp\/v2\/media\/25335"}],"wp:attachment":[{"href":"https:\/\/encuentroinformativo.com.mx\/index.php?rest_route=%2Fwp%2Fv2%2Fmedia&parent=25334"}],"wp:term":[{"taxonomy":"category","embeddable":true,"href":"https:\/\/encuentroinformativo.com.mx\/index.php?rest_route=%2Fwp%2Fv2%2Fcategories&post=25334"},{"taxonomy":"post_tag","embeddable":true,"href":"https:\/\/encuentroinformativo.com.mx\/index.php?rest_route=%2Fwp%2Fv2%2Ftags&post=25334"}],"curies":[{"name":"wp","href":"https:\/\/api.w.org\/{rel}","templated":true}]}}