{"id":25340,"date":"2022-03-30T16:02:53","date_gmt":"2022-03-30T22:02:53","guid":{"rendered":"https:\/\/encuentroinformativo.com.mx\/?p=25340"},"modified":"2022-03-30T16:02:56","modified_gmt":"2022-03-30T22:02:56","slug":"don-juan-perdio-todo-en-el-incendio-de-su-vivienda","status":"publish","type":"post","link":"https:\/\/encuentroinformativo.com.mx\/?p=25340","title":{"rendered":"Don Juan, perdi\u00f3 todo en el incendio de su vivienda"},"content":{"rendered":"\n<p><strong>Alejandro \u00c1vila<\/strong><\/p>\n\n\n\n<p>Boca del R\u00edo, Ver.- Don Juan T\u00e9llez de 75 a\u00f1os de edad, perdi\u00f3 su patrimonio, tras el incendio del pasado domingo, el cual calcin\u00f3 toda su vivienda y pertenencias.<\/p>\n\n\n\n<p>Los hechos ocurrieron alrededor de las 19 horas, en la Calle 7 entre L\u00f3pez Arias y Manuel Nieto de la colonia Manlio Fabio Altamirano (conocida como Lecheros), en el municipio de Boca del R\u00edo.<\/p>\n\n\n\n<p>El incendio que fue accidental consumi\u00f3 tambi\u00e9n sus recibos de predial, de agua y toda documentaci\u00f3n oficial, incluso su tarjeta de Bienestar, la cual era su \u00fanico sustento, mediante el abono econ\u00f3mico del programa 65 y m\u00e1s.<\/p>\n\n\n\n<p>&#8220;(Me siento) deprimido, nervioso, anoche no dorm\u00ed porque ten\u00eda yo los nervios de punta, amanec\u00ed con los ojos abiertos pensando en el ma\u00f1ana. Est\u00e1 llegando algo de ayuda, gracias a Dios, por medio de una dama que habl\u00f3 por Face o no s\u00e9 por d\u00f3nde, y entonces me est\u00e1 llegando ayuda monetariamente, y con ropa y alimentos&#8221;, mencion\u00f3.<\/p>\n\n\n\n<p>Don Juan logr\u00f3 pasar la noche en la casa de una vecina, qui\u00e9n le proporcion\u00f3 un peque\u00f1o cuarto que tiene en su vivienda, incluso le dej\u00f3 las llaves y le dijo que ah\u00ed pod\u00eda colocar todo el apoyo que recibiera; sin embargo, reconoci\u00f3 que no pudo descansar pues a\u00fan ten\u00eda algo de crisis nerviosa.<\/p>\n","protected":false},"excerpt":{"rendered":"<p>Alejandro \u00c1vila Boca del R\u00edo, Ver.- Don Juan T\u00e9llez de 75 a\u00f1os de edad, perdi\u00f3 su patrimonio, tras el incendio del pasado domingo, el cual calcin\u00f3 toda su vivienda y pertenencias. Los hechos ocurrieron alrededor de las 19 horas, en la Calle 7 entre L\u00f3pez Arias y Manuel Nieto de la colonia Manlio Fabio Altamirano [&hellip;]<\/p>\n","protected":false},"author":1,"featured_media":25341,"comment_status":"open","ping_status":"open","sticky":false,"template":"","format":"standard","meta":{"_jetpack_memberships_contains_paid_content":false,"footnotes":""},"categories":[2],"tags":[],"class_list":["post-25340","post","type-post","status-publish","format-standard","has-post-thumbnail","hentry","category-estado"],"jetpack_featured_media_url":"https:\/\/encuentroinformativo.com.mx\/wp-content\/uploads\/2022\/03\/220A1FC8-15EA-4B38-A362-A0E0C918C48B.jpeg","jetpack_sharing_enabled":true,"jetpack_likes_enabled":true,"amp_enabled":true,"_links":{"self":[{"href":"https:\/\/encuentroinformativo.com.mx\/index.php?rest_route=\/wp\/v2\/posts\/25340","targetHints":{"allow":["GET"]}}],"collection":[{"href":"https:\/\/encuentroinformativo.com.mx\/index.php?rest_route=\/wp\/v2\/posts"}],"about":[{"href":"https:\/\/encuentroinformativo.com.mx\/index.php?rest_route=\/wp\/v2\/types\/post"}],"author":[{"embeddable":true,"href":"https:\/\/encuentroinformativo.com.mx\/index.php?rest_route=\/wp\/v2\/users\/1"}],"replies":[{"embeddable":true,"href":"https:\/\/encuentroinformativo.com.mx\/index.php?rest_route=%2Fwp%2Fv2%2Fcomments&post=25340"}],"version-history":[{"count":1,"href":"https:\/\/encuentroinformativo.com.mx\/index.php?rest_route=\/wp\/v2\/posts\/25340\/revisions"}],"predecessor-version":[{"id":25342,"href":"https:\/\/encuentroinformativo.com.mx\/index.php?rest_route=\/wp\/v2\/posts\/25340\/revisions\/25342"}],"wp:featuredmedia":[{"embeddable":true,"href":"https:\/\/encuentroinformativo.com.mx\/index.php?rest_route=\/wp\/v2\/media\/25341"}],"wp:attachment":[{"href":"https:\/\/encuentroinformativo.com.mx\/index.php?rest_route=%2Fwp%2Fv2%2Fmedia&parent=25340"}],"wp:term":[{"taxonomy":"category","embeddable":true,"href":"https:\/\/encuentroinformativo.com.mx\/index.php?rest_route=%2Fwp%2Fv2%2Fcategories&post=25340"},{"taxonomy":"post_tag","embeddable":true,"href":"https:\/\/encuentroinformativo.com.mx\/index.php?rest_route=%2Fwp%2Fv2%2Ftags&post=25340"}],"curies":[{"name":"wp","href":"https:\/\/api.w.org\/{rel}","templated":true}]}}