{"id":25343,"date":"2022-03-30T16:06:21","date_gmt":"2022-03-30T22:06:21","guid":{"rendered":"https:\/\/encuentroinformativo.com.mx\/?p=25343"},"modified":"2022-03-30T16:06:24","modified_gmt":"2022-03-30T22:06:24","slug":"retoma-diputada-denuncia-por-violencia-de-genero-ante-la-cndh","status":"publish","type":"post","link":"https:\/\/encuentroinformativo.com.mx\/?p=25343","title":{"rendered":"Retoma diputada  denuncia por violencia de g\u00e9nero ante la CNDH"},"content":{"rendered":"\n<p><strong>Alejandro \u00c1vila<\/strong><\/p>\n\n\n\n<p>Veracruz, Ver.- La diputada local, Anil\u00fa Ingram Vallines, retom\u00f3 la denuncia por violencia de g\u00e9nero hecha el 16 de diciembre pasado, en contra del secretario de Salud, y en esta ocasi\u00f3n fue interpuesta ante la Comisi\u00f3n Nacional de los Derechos Humanos (CNDH).<\/p>\n\n\n\n<p>Es de recordar que el pasado 11 de marzo, la Contralor\u00eda del Estado a trav\u00e9s de su titular, Mercedes Santoyo Dom\u00ednguez desech\u00f3 la denuncia, al considerar que no se reun\u00edan los requisitos para investigar que las expresiones de Roberto Ramos Alor durante su comparecencia en el Congreso Local, se relacionaban con violencia de g\u00e9nero.<\/p>\n\n\n\n<p>\u201cComo diputada y presidenta de la Comisi\u00f3n Permanente de Derechos Humanos y Atenci\u00f3n a Grupos Vulnerables, pero sobre todo como mujer, no puedo entender c\u00f3mo en un Estado como Veracruz, que es segundo lugar nacional en feminicidios, que tiene un c\u00famulo de ni\u00f1as y j\u00f3venes desaparecidas, se puede tolerar que la violencia de g\u00e9nero provenga de las propias instituciones\u201d, recalc\u00f3 la veracruzana.<\/p>\n\n\n\n<p>La legisladora priista su estuvo este mi\u00e9rcoles una reuni\u00f3n con la titular de la CNDH, Rosario Piedra Ibarra, d\u00f3nde mencion\u00f3 qu\u00e9, refrendar est\u00e1 denuncia es, sentar un precedente para que ning\u00fan servidor p\u00fablico ataque, de ninguna manera a una mujer.&nbsp;&nbsp;<\/p>\n\n\n\n<p>\u201cEs por lo que sucede hoy, es por las que vienen detr\u00e1s de nosotras. Todas y todos podemos sumar a un Veracruz y un M\u00e9xico mejor para nosotras\u201d, puntualiz\u00f3.<\/p>\n\n\n\n<p>Ingram Vallines le entreg\u00f3 a Rosario Piedra, la misma ficha informativa que el a\u00f1o pasado les dio a los titulares de la Secretar\u00eda de Gobierno, de la Contralor\u00eda General del Estado y de la Fiscal\u00eda, referentes a las denuncias de trabajadoras de la SEGOB por presuntos casos de acoso sexual y laboral al interior de la dependencia.&nbsp;<\/p>\n\n\n\n<p>Cabe hacer menci\u00f3n que adem\u00e1s de esta queja ante la CNDH, Ingram Vallines denunci\u00f3 a Ramos Alor ante la Fiscal\u00eda Especializada en Delitos contra la Familia, Mujeres, Ni\u00f1os, Ni\u00f1as y Trata de Personas, por hechos que considera constitutivos de los delitos de Violencia de G\u00e9nero y los que resulten.&nbsp;<\/p>\n\n\n\n<p>\u201cNo podemos ni debemos quedarnos calladas y callados. No es por lo que me dijo un secretario a m\u00ed, es por la indiferencia que muchos tienen ante la problem\u00e1tica de las mujeres, es por la indolencia, la inacci\u00f3n por brindar la seguridad que nos corresponde a todas, el piso parejo para que cada ni\u00f1a, joven y mujeres alcance sus propios sue\u00f1os\u201d, finaliz\u00f3 Anil\u00fa Ingram.<\/p>\n","protected":false},"excerpt":{"rendered":"<p>Alejandro \u00c1vila Veracruz, Ver.- La diputada local, Anil\u00fa Ingram Vallines, retom\u00f3 la denuncia por violencia de g\u00e9nero hecha el 16 de diciembre pasado, en contra del secretario de Salud, y en esta ocasi\u00f3n fue interpuesta ante la Comisi\u00f3n Nacional de los Derechos Humanos (CNDH). Es de recordar que el pasado 11 de marzo, la Contralor\u00eda [&hellip;]<\/p>\n","protected":false},"author":1,"featured_media":25344,"comment_status":"open","ping_status":"open","sticky":false,"template":"","format":"standard","meta":{"_jetpack_memberships_contains_paid_content":false,"footnotes":""},"categories":[2],"tags":[],"class_list":["post-25343","post","type-post","status-publish","format-standard","has-post-thumbnail","hentry","category-estado"],"jetpack_featured_media_url":"https:\/\/encuentroinformativo.com.mx\/wp-content\/uploads\/2022\/03\/2F60DBEC-BC88-4268-9F4D-9BE03FD3C51D.jpeg","jetpack_sharing_enabled":true,"jetpack_likes_enabled":true,"amp_enabled":true,"_links":{"self":[{"href":"https:\/\/encuentroinformativo.com.mx\/index.php?rest_route=\/wp\/v2\/posts\/25343","targetHints":{"allow":["GET"]}}],"collection":[{"href":"https:\/\/encuentroinformativo.com.mx\/index.php?rest_route=\/wp\/v2\/posts"}],"about":[{"href":"https:\/\/encuentroinformativo.com.mx\/index.php?rest_route=\/wp\/v2\/types\/post"}],"author":[{"embeddable":true,"href":"https:\/\/encuentroinformativo.com.mx\/index.php?rest_route=\/wp\/v2\/users\/1"}],"replies":[{"embeddable":true,"href":"https:\/\/encuentroinformativo.com.mx\/index.php?rest_route=%2Fwp%2Fv2%2Fcomments&post=25343"}],"version-history":[{"count":1,"href":"https:\/\/encuentroinformativo.com.mx\/index.php?rest_route=\/wp\/v2\/posts\/25343\/revisions"}],"predecessor-version":[{"id":25345,"href":"https:\/\/encuentroinformativo.com.mx\/index.php?rest_route=\/wp\/v2\/posts\/25343\/revisions\/25345"}],"wp:featuredmedia":[{"embeddable":true,"href":"https:\/\/encuentroinformativo.com.mx\/index.php?rest_route=\/wp\/v2\/media\/25344"}],"wp:attachment":[{"href":"https:\/\/encuentroinformativo.com.mx\/index.php?rest_route=%2Fwp%2Fv2%2Fmedia&parent=25343"}],"wp:term":[{"taxonomy":"category","embeddable":true,"href":"https:\/\/encuentroinformativo.com.mx\/index.php?rest_route=%2Fwp%2Fv2%2Fcategories&post=25343"},{"taxonomy":"post_tag","embeddable":true,"href":"https:\/\/encuentroinformativo.com.mx\/index.php?rest_route=%2Fwp%2Fv2%2Ftags&post=25343"}],"curies":[{"name":"wp","href":"https:\/\/api.w.org\/{rel}","templated":true}]}}