{"id":25346,"date":"2022-03-30T16:11:23","date_gmt":"2022-03-30T22:11:23","guid":{"rendered":"https:\/\/encuentroinformativo.com.mx\/?p=25346"},"modified":"2022-03-30T16:11:27","modified_gmt":"2022-03-30T22:11:27","slug":"por-acoso-protestan-estudiantes-de-cbtis-124","status":"publish","type":"post","link":"https:\/\/encuentroinformativo.com.mx\/?p=25346","title":{"rendered":"Por acoso, protestan estudiantes de CBTIS 124"},"content":{"rendered":"\n<p><strong>Alejandro \u00c1vila<\/strong><\/p>\n\n\n\n<p>Veracruz, Ver.- La tarde de este martes alumnas del CBTIS 124 ubicado en la Reserva Tarimoya, se manifestaron a las afueras del plantel educativo, tras el acoso ejecutado por un prefecto, sobre varias estudiantes.<\/p>\n\n\n\n<p>Tras la declaraci\u00f3n de una de las v\u00edctimas, otras compa\u00f1eras denunciaron que sufr\u00edan la misma situaci\u00f3n, mensajes del docente por la madrugada y opiniones sobre su figura o forma de vestir.<\/p>\n\n\n\n<p>&#8220;Dici\u00e9ndonos que se nos ve\u00eda bien la ropa, qu\u00e9 se nos ve\u00eda bien el vestido, que eso nos quedaba muy bonito, pregunt\u00e1ndonos que s\u00ed aquella modelo de la foto o sea de nuestros estados, iba a sacar alg\u00fan calendario en alg\u00fan momento, pregunt\u00e1ndonos si quer\u00edamos nosotros nos cantara el Cielito Lindo, qu\u00e9 nos trajera una propuesta de serenata, o (diciendo) que simplemente porque estaba casado no nos invita a cenar&#8221;, dijo una de las v\u00edctimas.<\/p>\n\n\n\n<p>Las denunciantes se\u00f1alaron al prefecto Andr\u00e9s Pierre, de realizar acoso en al menos 15 estudiantes, de las cuales cuentan con pruebas sobre lo sucedido.<\/p>\n\n\n\n<p>&#8220;No es de nuestra generaci\u00f3n, no es de la generaci\u00f3n anterior, ya van varias compa\u00f1eras que nos dicen que llevan varias generaciones, fue lo mismo con ese perfecto, muchos a\u00f1os, y una compa\u00f1era me notific\u00f3 que ella fue a hablar con una licenciada de aqu\u00ed del CBTIS, esa licenciada le dijo, que ese problema, con ese prefecto, ya llevaba mucho, mucho tiempo, y cada vez que quer\u00edan hacer algo las alumnas que hab\u00edan ido a denunciar o hab\u00edan ido a acusar prefecto, luego dec\u00edan que no hab\u00eda pasado nada de eso o que se hab\u00eda confundido, mostrando as\u00ed que las amenazaban o les met\u00edan miedo para que no dijeran nada&#8221;, remat\u00f3.<\/p>\n\n\n\n<p>Las v\u00edctimas se\u00f1alaron que, el director del plantel educativo las ha ignorado totalmente, y no ha dado un posicionamiento al respecto.<\/p>\n","protected":false},"excerpt":{"rendered":"<p>Alejandro \u00c1vila Veracruz, Ver.- La tarde de este martes alumnas del CBTIS 124 ubicado en la Reserva Tarimoya, se manifestaron a las afueras del plantel educativo, tras el acoso ejecutado por un prefecto, sobre varias estudiantes. Tras la declaraci\u00f3n de una de las v\u00edctimas, otras compa\u00f1eras denunciaron que sufr\u00edan la misma situaci\u00f3n, mensajes del docente [&hellip;]<\/p>\n","protected":false},"author":1,"featured_media":25347,"comment_status":"open","ping_status":"open","sticky":false,"template":"","format":"standard","meta":{"_jetpack_memberships_contains_paid_content":false,"footnotes":""},"categories":[2],"tags":[],"class_list":["post-25346","post","type-post","status-publish","format-standard","has-post-thumbnail","hentry","category-estado"],"jetpack_featured_media_url":"https:\/\/encuentroinformativo.com.mx\/wp-content\/uploads\/2022\/03\/90D90010-32E8-4E73-92EF-550E61A86CDB.jpeg","jetpack_sharing_enabled":true,"jetpack_likes_enabled":true,"amp_enabled":true,"_links":{"self":[{"href":"https:\/\/encuentroinformativo.com.mx\/index.php?rest_route=\/wp\/v2\/posts\/25346","targetHints":{"allow":["GET"]}}],"collection":[{"href":"https:\/\/encuentroinformativo.com.mx\/index.php?rest_route=\/wp\/v2\/posts"}],"about":[{"href":"https:\/\/encuentroinformativo.com.mx\/index.php?rest_route=\/wp\/v2\/types\/post"}],"author":[{"embeddable":true,"href":"https:\/\/encuentroinformativo.com.mx\/index.php?rest_route=\/wp\/v2\/users\/1"}],"replies":[{"embeddable":true,"href":"https:\/\/encuentroinformativo.com.mx\/index.php?rest_route=%2Fwp%2Fv2%2Fcomments&post=25346"}],"version-history":[{"count":1,"href":"https:\/\/encuentroinformativo.com.mx\/index.php?rest_route=\/wp\/v2\/posts\/25346\/revisions"}],"predecessor-version":[{"id":25348,"href":"https:\/\/encuentroinformativo.com.mx\/index.php?rest_route=\/wp\/v2\/posts\/25346\/revisions\/25348"}],"wp:featuredmedia":[{"embeddable":true,"href":"https:\/\/encuentroinformativo.com.mx\/index.php?rest_route=\/wp\/v2\/media\/25347"}],"wp:attachment":[{"href":"https:\/\/encuentroinformativo.com.mx\/index.php?rest_route=%2Fwp%2Fv2%2Fmedia&parent=25346"}],"wp:term":[{"taxonomy":"category","embeddable":true,"href":"https:\/\/encuentroinformativo.com.mx\/index.php?rest_route=%2Fwp%2Fv2%2Fcategories&post=25346"},{"taxonomy":"post_tag","embeddable":true,"href":"https:\/\/encuentroinformativo.com.mx\/index.php?rest_route=%2Fwp%2Fv2%2Ftags&post=25346"}],"curies":[{"name":"wp","href":"https:\/\/api.w.org\/{rel}","templated":true}]}}