{"id":25355,"date":"2022-03-31T11:57:10","date_gmt":"2022-03-31T17:57:10","guid":{"rendered":"https:\/\/encuentroinformativo.com.mx\/?p=25355"},"modified":"2022-03-31T11:57:14","modified_gmt":"2022-03-31T17:57:14","slug":"docentes-a-favor-de-retorno-a-clases-presenciales","status":"publish","type":"post","link":"https:\/\/encuentroinformativo.com.mx\/?p=25355","title":{"rendered":"Docentes a favor de retorno a clases presenciales"},"content":{"rendered":"\n<p><strong>Juan Arcos<\/strong><\/p>\n\n\n\n<p>Xalapa, Ver.- El profesor Jos\u00e9 Reveriano Mar\u00edn Hern\u00e1ndez, candidato a la dirigencia de la Secci\u00f3n 56 del Sindicato de Trabajadores de la Educaci\u00f3n de Veracruz (SNTE), declar\u00f3 que las autoridades educativas y la organizaci\u00f3n sindical deber\u00e1n entablar una mesa de di\u00e1logo para llegar a acuerdos ante el anuncio del retorno total a las aulas en mayo pr\u00f3ximo.<\/p>\n\n\n\n<p>En rueda de prensa, el aspirante de la planilla \u201cUnidad\u201d indic\u00f3 que los docentes siempre han pugnado por un regreso a clases presenciales seguro y ordenado, mediante la aplicaci\u00f3n de los protocolos sanitarios.<\/p>\n\n\n\n<p>\u201cQue est\u00e9n seguros los trabajadores de la educaci\u00f3n, los padres de familia y los ni\u00f1os, que sea ordenado, y no que en el \u00e1nimo de que regresemos todos despu\u00e9s nos encontremos con una grave crisis de salud\u201d, expres\u00f3.<\/p>\n\n\n\n<p>Cabe recordar que el titular de la Secretar\u00eda de Educaci\u00f3n de Veracruz (SEV), Zenyazen Escobar Garc\u00eda, declar\u00f3 que en mayo podr\u00edan regresar las clases presenciales al 100 por ciento en todos los niveles educativos.<\/p>\n\n\n\n<p>En ese sentido, Mar\u00edn Hern\u00e1ndez dijo esperar que en dicho regreso a clases las escuelas cuenten con la infraestructura necesaria para garantizar que haya condiciones sanitarias.<\/p>\n\n\n\n<p>\u201cLos maestros siempre han estado de acuerdo porque tienen un gran compromiso en el \u00e1mbito educativo, nada m\u00e1s lo que piden es que la salud tambi\u00e9n es un aspecto importante que tenemos que vigilar y cuidar entre todos\u201d, refiri\u00f3.<\/p>\n\n\n\n<p>Por otra parte, indic\u00f3 que tambi\u00e9n deber\u00e1 analizarse el tema de la desaparici\u00f3n del programa federal Escuelas de Tiempo Completo, pues \u00e9ste beneficiaba principalmente a los estudiantes.\u00a0<br>Jos\u00e9 Reveriano cerr\u00f3 su campa\u00f1a de la planilla \u201cUnidad\u201d este jueves 31 de marzo en el Nido del Halc\u00f3n de la Universidad Veracruzana (UV) y dijo confiar en que el viernes 1 de abril resultar\u00e1 ganador en la elecci\u00f3n sindical.<\/p>\n","protected":false},"excerpt":{"rendered":"<p>Juan Arcos Xalapa, Ver.- El profesor Jos\u00e9 Reveriano Mar\u00edn Hern\u00e1ndez, candidato a la dirigencia de la Secci\u00f3n 56 del Sindicato de Trabajadores de la Educaci\u00f3n de Veracruz (SNTE), declar\u00f3 que las autoridades educativas y la organizaci\u00f3n sindical deber\u00e1n entablar una mesa de di\u00e1logo para llegar a acuerdos ante el anuncio del retorno total a las [&hellip;]<\/p>\n","protected":false},"author":1,"featured_media":25356,"comment_status":"open","ping_status":"open","sticky":false,"template":"","format":"standard","meta":{"_jetpack_memberships_contains_paid_content":false,"footnotes":""},"categories":[2],"tags":[],"class_list":["post-25355","post","type-post","status-publish","format-standard","has-post-thumbnail","hentry","category-estado"],"jetpack_featured_media_url":"https:\/\/encuentroinformativo.com.mx\/wp-content\/uploads\/2022\/03\/70BEFCCE-C780-437C-B852-530964534856.jpeg","jetpack_sharing_enabled":true,"jetpack_likes_enabled":true,"amp_enabled":true,"_links":{"self":[{"href":"https:\/\/encuentroinformativo.com.mx\/index.php?rest_route=\/wp\/v2\/posts\/25355","targetHints":{"allow":["GET"]}}],"collection":[{"href":"https:\/\/encuentroinformativo.com.mx\/index.php?rest_route=\/wp\/v2\/posts"}],"about":[{"href":"https:\/\/encuentroinformativo.com.mx\/index.php?rest_route=\/wp\/v2\/types\/post"}],"author":[{"embeddable":true,"href":"https:\/\/encuentroinformativo.com.mx\/index.php?rest_route=\/wp\/v2\/users\/1"}],"replies":[{"embeddable":true,"href":"https:\/\/encuentroinformativo.com.mx\/index.php?rest_route=%2Fwp%2Fv2%2Fcomments&post=25355"}],"version-history":[{"count":1,"href":"https:\/\/encuentroinformativo.com.mx\/index.php?rest_route=\/wp\/v2\/posts\/25355\/revisions"}],"predecessor-version":[{"id":25357,"href":"https:\/\/encuentroinformativo.com.mx\/index.php?rest_route=\/wp\/v2\/posts\/25355\/revisions\/25357"}],"wp:featuredmedia":[{"embeddable":true,"href":"https:\/\/encuentroinformativo.com.mx\/index.php?rest_route=\/wp\/v2\/media\/25356"}],"wp:attachment":[{"href":"https:\/\/encuentroinformativo.com.mx\/index.php?rest_route=%2Fwp%2Fv2%2Fmedia&parent=25355"}],"wp:term":[{"taxonomy":"category","embeddable":true,"href":"https:\/\/encuentroinformativo.com.mx\/index.php?rest_route=%2Fwp%2Fv2%2Fcategories&post=25355"},{"taxonomy":"post_tag","embeddable":true,"href":"https:\/\/encuentroinformativo.com.mx\/index.php?rest_route=%2Fwp%2Fv2%2Ftags&post=25355"}],"curies":[{"name":"wp","href":"https:\/\/api.w.org\/{rel}","templated":true}]}}